{"id":59754,"date":"2024-01-31T11:50:12","date_gmt":"2024-01-31T08:50:12","guid":{"rendered":"https:\/\/www.turkishpost.net\/ar\/?p=59754"},"modified":"2024-01-31T11:50:12","modified_gmt":"2024-01-31T08:50:12","slug":"istanbul-askiyla-bilinen-yazar-mario-levi-hayatini-kaybetti","status":"publish","type":"post","link":"https:\/\/www.turkishpost.net\/ar\/istanbul-askiyla-bilinen-yazar-mario-levi-hayatini-kaybetti\/","title":{"rendered":"\u0130stanbul a\u015fk\u0131yla bilinen yazar Mario Levi hayat\u0131n\u0131 kaybetti"},"content":{"rendered":"<p><strong>(The Turkish Post) &#8211;<\/strong> Yazar, ileti\u015fim e\u011fitmeni Mario Levi, 66 ya\u015f\u0131nda hayat\u0131n\u0131 kaybetti. Vefat haberini, Levi&#8217;nin de i\u00e7erisinde yer ald\u0131\u011f\u0131 Buart Sanat At\u00f6lyesi duyurdu.<\/p>\n<p><strong>&#8220;EDEB\u0130YATIN G\u00dc\u00c7L\u00dc KALEM\u0130N\u0130 KAYBETT\u0130K&#8221;<\/strong><\/p>\n<p>Levi&#8217;nin vefat\u0131n\u0131 Buart Sanat At\u00f6lyesi sosyal medya hesab\u0131ndan, &#8220;Can\u0131m hocam\u0131z, edebiyat\u0131m\u0131z\u0131n duygulu ve g\u00fc\u00e7l\u00fc kalemi, e\u015fsiz insan, bir tanemiz Mario Levi&#8217;yi kaybetmenin derin \u00fcz\u00fcnt\u00fcs\u00fc i\u00e7erisindeyiz. Edebiyata, bizlere katt\u0131klar\u0131 i\u00e7in minnettar\u0131z. T\u00fcm sevenlerine ve ailesine ba\u015fsa\u011fl\u0131\u011f\u0131 diliyoruz.&#8221; mesaj\u0131n\u0131 payla\u015ft\u0131.<\/p>\n<div id=\"div-gpt-ad-8915472306489-129\" data-google-query-id=\"CPuL-u2eh4QDFbKvgwgdJm0FzQ\"><\/div>\n<p>&nbsp;<\/p>\n<p><img fetchpriority=\"high\" decoding=\"async\" src=\"https:\/\/img.gercekgundem.com\/rcman\/Cw640h397q95gm\/storage\/files\/images\/2024\/01\/31\/yazar-mario-levi-66-yasinda-hayatin-xxcu.jpg\" alt=\"\u0130stanbul a\u015fk\u0131yla bilinen yazar Mario Levi hayat\u0131n\u0131 kaybetti - Resim : 1\" width=\"640\" height=\"397\" title=\"\"><\/p>\n<p><strong>\u0130MAMO\u011eLU&#8217;NDAN LEVI MESAJI<\/strong><\/p>\n<p>\u0130stanbul B\u00fcy\u00fck\u015fehir Belediye Ba\u015fkan\u0131 Ekrem \u0130mamo\u011flu, Mario Levi&#8217;nin vefat\u0131 ile ilgili payla\u015ft\u0131\u011f\u0131 mesaj\u0131nda; &#8220;Yazar Mario Levi\u2019yi kaybetmenin \u00fcz\u00fcnt\u00fcs\u00fcn\u00fc ya\u015f\u0131yoruz. \u0130stanbul\u2019u anlatt\u0131\u011f\u0131 romanlar\u0131 bize emanet kald\u0131. Mekan\u0131 cennet olsun; yak\u0131nlar\u0131, okurlar\u0131 ve sevenlerinin ba\u015f\u0131 sa\u011folsun.&#8221; ifadelerini kulland\u0131.<\/p>\n<p><img decoding=\"async\" src=\"https:\/\/img.gercekgundem.com\/rcman\/Cw687h707q95gm\/storage\/files\/images\/2024\/01\/31\/ekran-alintisi-x4rr.jpg\" alt=\"\u0130stanbul a\u015fk\u0131yla bilinen yazar Mario Levi hayat\u0131n\u0131 kaybetti - Resim : 2\" width=\"687\" height=\"707\" title=\"\"><\/p>\n","protected":false},"excerpt":{"rendered":"<p>(The Turkish Post) &#8211; Yazar, ileti\u015fim e\u011fitmeni Mario Levi, 66 ya\u015f\u0131nda hayat\u0131n\u0131 kaybetti. Vefat haberini, Levi&#8217;nin de i\u00e7erisinde yer ald\u0131\u011f\u0131 Buart Sanat At\u00f6lyesi duyurdu. &#8220;EDEB\u0130YATIN G\u00dc\u00c7L\u00dc KALEM\u0130N\u0130 KAYBETT\u0130K&#8221; Levi&#8217;nin vefat\u0131n\u0131 Buart Sanat At\u00f6lyesi sosyal medya hesab\u0131ndan, &#8220;Can\u0131m hocam\u0131z, edebiyat\u0131m\u0131z\u0131n duygulu ve g\u00fc\u00e7l\u00fc kalemi, e\u015fsiz insan, bir tanemiz Mario Levi&#8217;yi kaybetmenin derin \u00fcz\u00fcnt\u00fcs\u00fc i\u00e7erisindeyiz. Edebiyata, bizlere [&hellip;]<\/p>\n","protected":false},"author":2,"featured_media":59758,"comment_status":"open","ping_status":"open","sticky":false,"template":"","format":"standard","meta":{"_acf_changed":false,"jnews-multi-image_gallery":[],"jnews_single_post":{"source_name":"Ger\u00e7ek G\u00fcndem","source_url":"https:\/\/www.gercekgundem.com\/dunya\/istanbul-askiyla-bilinen-yazar-mario-levi-hayatini-kaybetti-449500","via_name":"","via_url":"","override_template":"0","override":[{"template":"1","single_blog_custom":"","parallax":"1","fullscreen":"1","layout":"right-sidebar","sidebar":"default-sidebar","second_sidebar":"default-sidebar","sticky_sidebar":"1","share_position":"topbottom","share_float_style":"share-monocrhome","show_share_counter":"0","show_view_counter":"0","show_featured":"1","show_post_meta":"1","show_post_author":"0","show_post_author_image":"1","show_post_date":"1","post_date_format":"default","post_date_format_custom":"Y\/m\/d","show_post_category":"0","show_post_reading_time":"1","post_reading_time_wpm":"300","show_zoom_button":"1","zoom_button_out_step":"4","zoom_button_in_step":"4","show_post_tag":"1","show_prev_next_post":"0","show_popup_post":"1","number_popup_post":"2","show_author_box":"1","show_post_related":"1","show_inline_post_related":"0"}],"override_image_size":"0","image_override":[{"single_post_thumbnail_size":"crop-715","single_post_gallery_size":"crop-500"}],"trending_post":"0","trending_post_position":"meta","trending_post_label":"Trending","sponsored_post":"0","sponsored_post_label":"Sponsored by","sponsored_post_name":"","sponsored_post_url":"","sponsored_post_logo_enable":"0","sponsored_post_logo":"","sponsored_post_desc":"","disable_ad":"0"},"jnews_primary_category":{"id":"2282","hide":""},"jnews_override_bookmark_settings":{"override_bookmark_button":"0","override_show_bookmark_button":"0"},"jnews_social_meta":{"fb_title":"","fb_description":"","fb_image":"","twitter_title":"","twitter_description":"","twitter_image":""},"jnews_override_counter":{"override_view_counter":"0","view_counter_number":"0","override_share_counter":"0","share_counter_number":"0","override_like_counter":"0","like_counter_number":"0","override_dislike_counter":"0","dislike_counter_number":"0"},"footnotes":""},"categories":[2282,1],"tags":[7442,13609,1422],"class_list":["post-59754","post","type-post","status-publish","format-standard","has-post-thumbnail","hentry","category-kultur-sanat","category-son-haberler","tag-hayatini-kaybetti","tag-mario-levi","tag-slider-manset"],"acf":[],"_links":{"self":[{"href":"https:\/\/www.turkishpost.net\/ar\/wp-json\/wp\/v2\/posts\/59754","targetHints":{"allow":["GET"]}}],"collection":[{"href":"https:\/\/www.turkishpost.net\/ar\/wp-json\/wp\/v2\/posts"}],"about":[{"href":"https:\/\/www.turkishpost.net\/ar\/wp-json\/wp\/v2\/types\/post"}],"author":[{"embeddable":true,"href":"https:\/\/www.turkishpost.net\/ar\/wp-json\/wp\/v2\/users\/2"}],"replies":[{"embeddable":true,"href":"https:\/\/www.turkishpost.net\/ar\/wp-json\/wp\/v2\/comments?post=59754"}],"version-history":[{"count":0,"href":"https:\/\/www.turkishpost.net\/ar\/wp-json\/wp\/v2\/posts\/59754\/revisions"}],"wp:featuredmedia":[{"embeddable":true,"href":"https:\/\/www.turkishpost.net\/ar\/wp-json\/wp\/v2\/media\/59758"}],"wp:attachment":[{"href":"https:\/\/www.turkishpost.net\/ar\/wp-json\/wp\/v2\/media?parent=59754"}],"wp:term":[{"taxonomy":"category","embeddable":true,"href":"https:\/\/www.turkishpost.net\/ar\/wp-json\/wp\/v2\/categories?post=59754"},{"taxonomy":"post_tag","embeddable":true,"href":"https:\/\/www.turkishpost.net\/ar\/wp-json\/wp\/v2\/tags?post=59754"}],"curies":[{"name":"wp","href":"https:\/\/api.w.org\/{rel}","templated":true}]}}