{"id":46276,"date":"2023-12-11T10:16:27","date_gmt":"2023-12-11T07:16:27","guid":{"rendered":"https:\/\/www.turkishpost.net\/ar\/?p=46276"},"modified":"2023-12-11T10:18:27","modified_gmt":"2023-12-11T07:18:27","slug":"secil-erzan-annesinin-imzasini-taklit-edip-kredi-cekmis","status":"publish","type":"post","link":"https:\/\/www.turkishpost.net\/ar\/secil-erzan-annesinin-imzasini-taklit-edip-kredi-cekmis\/","title":{"rendered":"Se\u00e7il Erzan, annesinin imzas\u0131n\u0131 taklit edip kredi \u00e7ekmi\u015f"},"content":{"rendered":"<p>\u0130smail Saymaz&#8217;\u0131n\u00a0 avukat\u00a0 Nazl\u0131 Nadide Karaaslan ile r\u00f6portaj\u0131:<\/p>\n<p>&#8211; <strong>Se\u00e7il Erzan, 2011\u2019den beri para toplay\u0131p bu \u00e7ark\u0131 \u00e7eviriyor, do\u011fru mu?<\/strong><\/p>\n<p>Do\u011fru. Ba\u015fta \u00e7evresi, akrabalar\u0131 ve arkada\u015flar\u0131 i\u00e7in yap\u0131yor. 2021 y\u0131l\u0131n\u0131n sonunda Ali ve Atilla Y\u00f6r\u00fck\u2019le tan\u0131\u015f\u0131yor. Ali Y\u00f6r\u00fck, Se\u00e7il\u2019in eski sevgilisi Nuri K\u00f6\u015fkdere\u2019nin i\u015f yerinden ayr\u0131l\u0131nca tazminat al\u0131yor. Se\u00e7il\u2019e diyor ki \u201cK\u00f6\u015fkdere\u2019ye \u00e7ok iyi kazand\u0131rd\u0131n, bizim param\u0131z\u0131 da de\u011ferlendir.\u201d B\u00f6yle ba\u015fl\u0131yorlar. Se\u00e7il, insanlara fazla fazla veriyor ve kazanam\u0131yor. Rakamlar kontrol\u00fcnden \u00e7\u0131k\u0131yor.<\/p>\n<p><strong>&#8211;\u00a0 Paray\u0131 nerede i\u015fletiyor?<\/strong><\/p>\n<p>Yat\u0131r\u0131m fonu ald\u0131\u011f\u0131n\u0131 s\u00f6yl\u00fcyor. Araba al\u0131m sat\u0131m\u0131na ve icradaki gayrimenkullere arac\u0131l\u0131k ediyormu\u015f.<\/p>\n<p><strong>&#8211;\u00a0 Bat\u0131yor mu?<\/strong><\/p>\n<p>Y\u00f6r\u00fckler diyor ki \u201cTefeciler bankac\u0131 oldu\u011funu anlad\u0131, fazlas\u0131n\u0131 vermezsen ihbar edecekler.\u201d Se\u00e7il\u2019in en b\u00fcy\u00fck korkusu bankadan at\u0131lmak. Onlar\u0131n a\u011fz\u0131n\u0131 kapatmak i\u00e7in kazanamad\u0131\u011f\u0131 paray\u0131 vermeye ba\u015fl\u0131yor.<\/p>\n<p>2021\u2019de borsa alt\u00fcst oluyor. Daha \u00e7ok para bulmak istiyor, borsada kald\u0131ra\u00e7l\u0131 i\u015flem yapt\u0131\u011f\u0131 i\u00e7in. Daha \u00e7ok faize bat\u0131yor.<\/p>\n<p>S\u00fcleyman Aslan\u2019la, Ayhan Akman\u2019la ve Bar\u0131\u015f Tari ile tan\u0131\u015f\u0131yor. \u0130\u00e7eriye giriyor. Semih Kaya ve F\u0131rat \u00d6zdemir bir verip \u00fc\u00e7 kazan\u0131yor. Ondan sonra Arda, Muslera&#8230;\u2026<\/p>\n<p>Ayhan Akman, emlak\u00e7\u0131 Serdar \u015eenol\u2019u getiriyor. \u015eenol, Bar\u0131\u015f Tari\u2019yi getiriyor.<\/p>\n<p>Semih Kaya, \u201cSel\u00e7uk abide de para var\u201d diyor. Se\u00e7il, \u00f6yle ar\u0131yor Sel\u00e7uk \u0130nan\u2019\u0131. \u0130nan, Semih\u2019e, \u201cB\u00f6yle bir fon var m\u0131?\u201d diye soruyor. \u201cEvet, ben kazan\u0131yorum, gir\u201d diyor. \u015eimdi inkar ediyorlar.<\/p>\n<p><strong>&#8211; Erzan\u2019a g\u00f6re baz\u0131lar\u0131 ana paras\u0131n\u0131 alm\u0131\u015f ama faiz istiyor. Alacakl\u0131lar diyor ki \u201cParam\u0131z\u0131 vermedi.\u201d Hangisi do\u011fru?<\/strong><\/p>\n<p>Bilirki\u015fi 180 binden fazla silinen WhatsApp yaz\u0131\u015fmas\u0131n\u0131 geri getirmi\u015f, \u00e7al\u0131\u015fma s\u00fcr\u00fcyor. HTS kay\u0131tlar\u0131yla yaz\u0131\u015fmalar\u0131 e\u015fle\u015ftirece\u011fiz. Se\u00e7il\u2019in kime ne verdi\u011fi ortaya \u00e7\u0131kacak.<\/p>\n<p>Herkes diyor ya \u201cParalar nerde?\u201d<\/p>\n<p>Soruyorum:<\/p>\n<p>Semih Kaya\u2019n\u0131n Bodrum\u2019dan 4.200.000 Euro\u2019luk ev alabilecek, bir bu\u00e7uk y\u0131ld\u0131r o paraya dokunmadan ya\u015fayabilecek geliri var m\u0131ym\u0131\u015f?<\/p>\n<p>Ayhan Akman, Denizbank Genel M\u00fcd\u00fcr Yard\u0131mc\u0131s\u0131 Mehmet Aydo\u011fdu ile foto\u011fraf \u00e7ekiyor, k\u0131za at\u0131yor. Madem fon oldu\u011funu d\u00fc\u015f\u00fcn\u00fcyorsun, niye Aydo\u011fdu\u2019ya sormuyorsun? Se\u00e7il i\u00e7in \u201cMakbuz bile vermedi\u201d diyor. Niye Aydo\u011fduya \u015fikayet etmiyorsun?<\/p>\n<p><strong>&#8211;\u00a0Ma\u011fdur gibi anlatt\u0131n\u0131z ama Erzan, para toplamak i\u00e7in \u00f6zel bir gayret g\u00f6steriyor. Nerede paralar?<\/strong><\/p>\n<p>Sizden al\u0131p bir \u00f6ncekine veriyor.<\/p>\n<p><strong>&#8211; Elden dola\u015ft\u0131r\u0131yor.<\/strong><\/p>\n<p>\u00c7\u00fcnk\u00fc hepsini elden al\u0131yor. Bak\u0131n, \u0130nci ve B\u00fclent \u00c7eviker\u2019in ses kayd\u0131 var. Se\u00e7il, anaparay\u0131 vermeyi teklif ediyor. Onlar kabul etmeyip 3.000.000 dolar almak i\u00e7in bir ay bekliyor. \u015eubatta Se\u00e7il\u2019in paray\u0131 \u00f6deyemiyece\u011fini anl\u0131yorlar. Neden ihbar etmiyorsunuz? \u0130hbar etseler Emre Bel\u00f6zo\u011flu ve \u0130smail \u0130brahim \u00c7a\u011flar\u2019dan para almayacakt\u0131.<\/p>\n<p><strong>&#8211; Erzan\u2019da ne kadar para kald\u0131?<\/strong><\/p>\n<p>\u0130nanmayacaks\u0131n\u0131z. Ger\u00e7ekten be\u015f kuru\u015f para yok. Herkes diyor ki \u201cBir yere g\u00f6mm\u00fc\u015ft\u00fcr.\u201d G\u00f6mm\u00fc\u015fse b\u00fcy\u00fck hayalk\u0131r\u0131kl\u0131\u011f\u0131 ya\u015fayaca\u011f\u0131m. Annesinin 7.500 TL\u2019lik emekli maa\u015f\u0131n\u0131, imzas\u0131n\u0131 taklit ederek, kulland\u0131\u011f\u0131 krediye bloke ettirmi\u015f. Annesi engelli, imza atabilecek durumda de\u011fil.<\/p>\n<p><strong>&#8211; \u00d6demi\u015f mi?<\/strong><\/p>\n<p>Taksitler devam ederken tutuklan\u0131yor. Annesi bir kuru\u015f emekli maa\u015f\u0131 alam\u0131yor tutukland\u0131\u011f\u0131ndan beri.<\/p>\n<p><strong>&#8211; Neden b\u00f6yle bir \u015fey yapm\u0131\u015f ki?<\/strong><\/p>\n<p>O kadar s\u0131k\u0131\u015f\u0131k ki. Kendisinin de 170.000 TL\u2019lik kredi ve kredi kart\u0131 borcu var.<\/p>\n<p>Evde 67.000 TL \u00e7\u0131kt\u0131 ya&#8230;\u2026<\/p>\n<p>O, annesinin bak\u0131c\u0131s\u0131n\u0131n iki ayl\u0131k maa\u015f\u0131. Paras\u0131 \u00f6denemedi\u011fi i\u00e7in kad\u0131n gitti. Bayram \u00f6ncesi annesini benzin istasyonuna b\u0131rakt\u0131lar. K\u00f6ydeki ya\u015fl\u0131 teyzesiyle konu\u015ftuk. \u015eimdi o bak\u0131yor.<\/p>\n<p><strong>&#8211; Ama \u0130smail \u0130brahim \u00c7a\u011flar diyor ki \u201cSe\u00e7il\u2019in avukat\u0131 bizi arad\u0131, 100.000 dolar \u00f6deyebileceklerini s\u00f6yledi.\u201d<\/strong><\/p>\n<p>O Varl\u0131k Bar\u0131\u015f\u0131 ile yurt d\u0131\u015f\u0131ndan getirilen bir paraym\u0131\u015f. Yanl\u0131\u015fl\u0131kla 100.000 k\u00fcs\u00fcr dolar kesinti olmu\u015f. Se\u00e7il dedi ki, \u201cO para hesapta kald\u0131. Kabul ederse \u00f6deriz.\u201d<\/p>\n<p><strong>&#8211; \u00d6yleyse \u00fccretinizi kim veriyor?<\/strong><\/p>\n<p>Se\u00e7il\u2019in ma\u011fduriyetine kalben inand\u0131m. K\u0131z\u0131n evindeki saatler bile gasp edilmi\u015f tutuklanmadan iki gece \u00f6nce. Elinde iki bilekli\u011fi ve tek ta\u015f\u0131 vard\u0131. Onlar\u0131 paraya \u00e7evirdiler. \u0130ki marka \u00e7antas\u0131 vard\u0131, ikinci elde satt\u0131lar. Bu \u015fekilde kar\u015f\u0131land\u0131.<\/p>\n<p><strong>&#8211; Cezaevindeki paras\u0131 nas\u0131l kar\u015f\u0131lan\u0131yor?<\/strong><\/p>\n<p>Haftada 2.000 TL para yiyor. Birka\u00e7 ay sonra o da kalmayacak.<\/p>\n<p><strong>&#8211; Bozcaada\u2019daki evi ipotek alt\u0131nda de\u011fil mi?<\/strong><\/p>\n<p>Evet, k\u0131ymet takdiri yap\u0131ld\u0131, 12.000.000 TL. \u0130tiraz ettim, ke\u015fif paras\u0131 istediler. Harc\u0131 da yat\u0131ramad\u0131m. Allahtan ba\u015fka alacakl\u0131lar rakama itiraz ettiler, onlara bir\u015fey kalmayacak diye.<\/p>\n<p><strong>&#8211; Ka\u00e7 alacakl\u0131 var?<\/strong><\/p>\n<p>Senet verdi\u011fi 10 ki\u015fi var.<\/p>\n<p><strong>&#8211; Ne kadar mal\u0131 var?<\/strong><\/p>\n<p>Bir tek adaki ev var, babadan kalan.<\/p>\n<p><strong>&#8211; Ak\u0131l al\u0131r gibi de\u011fil.<\/strong><\/p>\n<p>Daha para gelmeden insanlar kuyru\u011fa giriyormu\u015f. Bu paralar\u0131 zaten hep yan\u0131nda birileri varken da\u011f\u0131tm\u0131\u015f.<\/p>\n<p><strong>&#8211; Sizce Denizbank neden fark etmiyor?<\/strong><\/p>\n<p>Denetim zaafiyeti i\u00e7inde oldu\u011funu d\u00fc\u015f\u00fcn\u00fcyorum. Se\u00e7il, hi\u00e7bir \u015feyi gizleyerek yapmam\u0131\u015f. Yeri gelmi\u015f, bankan\u0131n ortas\u0131nda para al\u0131p vermi\u015f.<\/p>\n<p><strong>&#8211; \u0130ntihar etmeyi d\u00fc\u015f\u00fcnd\u00fc\u011f\u00fc do\u011fru mu?<\/strong><\/p>\n<p>Evet, fare zehiri alm\u0131\u015f. \u0130\u00e7mi\u015f ama kusmu\u015f. Diyor ki \u201c\u00d6lmeyi bile becermedim.\u201d<\/p>\n<p><strong>-Neden ka\u00e7mad\u0131?<\/strong><\/p>\n<p>Ka\u00e7amaz, korkak bir k\u0131z o. Schengen\u2019i de var, ka\u00e7m\u0131yor. Bel\u00f6zo\u011flu\u2019ndan, \u00c7a\u011flar\u2019dan ve \u00c7eviker Ailesi\u2019nden ald\u0131\u011f\u0131 para 10.000.000 dolar. O parayla isteseydi ka\u00e7ard\u0131. \u00c7orlu\u2019ya annesiyle vedala\u015fmaya gidiyor.<\/p>\n<p><strong>&#8211; Cezaevinde durumu nedir?<\/strong><\/p>\n<p>\u00c7ok k\u00f6t\u00fc. \u00c7ok a\u011fl\u0131yor. Sadece \u015funu s\u00f6yl\u00fcyor. \u201cBen su\u00e7luyum, ben yalanc\u0131y\u0131m ama&#8230;\u201d<\/p>\n<p>Bence nitelikli yalanlar de\u011fildi \u0130smail Bey. Bu belgelerle bu kadar paray\u0131 siz bankac\u0131ya verir misiniz? \u201cDaha fazla faiz verdi\u011fini duyduk, verdik\u201d demiyorlar da diyorlar ki \u201cSe\u00e7il bizi kand\u0131rd\u0131.\u201d<\/p>\n<p>Se\u00e7il yalanc\u0131, diyecek laf\u0131m yok. Se\u00e7il\u2019in y\u00fcz\u00fcne s\u00f6yledim. Ama 4.000.000 dolar alabilecek nitelikli bir yalan s\u00f6ylemiyor. Bir tek Bel\u00f6zo\u011flu masum. Niye? \u00c7\u00fcnk\u00fc Volkan Bah\u00e7ekap\u0131l\u0131\u2019n\u0131n getirdi\u011fi evrak\u0131 be\u011fenmiyor. Ertesi g\u00fcn bankaya daml\u0131yor. Asiye \u00d6zt\u00fcrk\u2019ten \u00e7ift imza alan tek ve ilk insan. Di\u011ferlerinin hepsi Se\u00e7il\u2019in paralar\u0131 \u00f6deyemeyece\u011fi duyulunca evrak pe\u015fine d\u00fc\u015f\u00fcyor.<\/p>\n<p>Ntelikli bir yalan s\u00f6ylemesine gerek olmadan insanlar kulaktan kula\u011fa reklamla paralar\u0131n\u0131 teslim etmi\u015f. Siz verir misiniz? Ben 1.000 dolar vermem o bloknotlara.<\/p>\n<p><strong>&#8211; Ama vermi\u015fler.<\/strong><\/p>\n<p>Niye vermi\u015fler? Se\u00e7il\u2019in \u00e7ok faiz verdi\u011fini bildikleri i\u00e7in.<\/p>\n<p><strong>&#8211; Se\u00e7il Erzan\u2019a m\u0131 veriyorlar, bankaya m\u0131?<\/strong><\/p>\n<p>Bence \u2018Se\u00e7o\u2019lar\u0131 ile Se\u00e7il Erzan i\u00e7 i\u00e7e ge\u00e7mi\u015f. Sadece Se\u00e7o\u2019ya vermemi\u015fler, sadece banka m\u00fcd\u00fcr\u00fcne de. Art\u0131k bir marka haline gelmi\u015f. Kendi ba\u015f\u0131na bir banka olmu\u015f.<\/p>\n<p>Herkes diyor ki \u201cSe\u00e7il\u2019in \u00c7orlu\u2019dan Florya\u2019ya transfer olacak altyap\u0131s\u0131 yoktu.\u201d Florya\u2019dan Levent\u2019e gelecek altyap\u0131s\u0131 da yoktu. Nas\u0131l geldi? Y\u00fckselen ivmeli bir \u00e7al\u0131\u015fan, herkesle ili\u015fkisi iyi olan bir Se\u00e7o; ikisi biraraya geldi\u011finde ikna etmesine gerek yok ki.<\/p>\n<p><strong>&#8211; \u015eu an ne d\u00fc\u015f\u00fcn\u00fcyor?<\/strong><\/p>\n<p>\u201cSu\u00e7luyum ama ben de batt\u0131m\u201d diyor. Mal varl\u0131\u011f\u0131 gitti. Siz hi\u00e7 duydunuz m\u0131 birinden, \u201c\u00dc\u00e7 kat\u0131 fazla ald\u0131k, bize para kazand\u0131rd\u0131\u201d dedi\u011fini?<\/p>\n<p><strong>&#8211; Yeni alacakl\u0131 \u00e7\u0131k\u0131yor mu?<\/strong><\/p>\n<p>\u00c7orlu\u2019da yeni bir soru\u015fturma ba\u015flat\u0131lm\u0131\u015f. \u201cAlabilir miyiz\u201d diye \u015fikayet hakk\u0131n\u0131 kullanan var. \u201c10 sene \u00f6nce para vermi\u015ftik, alamad\u0131k\u201d diyen de. 10 senedir akl\u0131n neredeydi?<\/p>\n<p>Terim\u2019in b\u00fct\u00fcn hesaplar\u0131 Se\u00e7il\u2019in kontrol\u00fcndeydi<\/p>\n<p><strong>&#8211; Fatih Terim\u2019den para ald\u0131 m\u0131, almad\u0131 m\u0131?<\/strong><\/p>\n<p>Terim\u2019le 11-12 senelik hukuku var. B\u00fct\u00fcn bankac\u0131l\u0131k i\u015flemlerini Se\u00e7il yapm\u0131\u015f. Krediler kulland\u0131r\u0131lm\u0131\u015f, fonlar kapat\u0131lm\u0131\u015f. Maa\u015flar \u00f6denmi\u015f. Bir s\u00fcr\u00fc para transferleri var. Hoca yat\u0131r\u0131m fonu alm\u0131\u015f. Gecelik repolar yapm\u0131\u015f.<\/p>\n<p>Se\u00e7il, \u201cHocaya zarar vermedim, art\u0131dayd\u0131, kay\u0131p ya\u015fatmad\u0131m\u201d diyor.<\/p>\n<p><strong>&#8211; Duru\u015fmada Terim\u2019den 300.000 dolar ald\u0131\u011f\u0131n\u0131 ve kat be kat geri verdi\u011fini s\u00f6yl\u00fcyor.<\/strong><\/p>\n<p>Yurt d\u0131\u015f\u0131nda ev sat\u0131lm\u0131\u015f. \u201cO paray\u0131 de\u011ferlendirdim ve 300.000 dolar\u0131n fazlas\u0131n\u0131 hocaya verdim\u201d diyor.<\/p>\n<p><strong>&#8211; Fonda i\u015fletmek \u00fczere para almam\u0131\u015f, \u00f6yle mi?<\/strong><\/p>\n<p>Hay\u0131r. Hocan\u0131n b\u00fct\u00fcn hesaplar\u0131 kendi y\u00f6netimindeymi\u015f.<\/p>\n<p><strong>&#8211; Terim\u2019in avukat\u0131 Tufan Karata\u015f, hesab\u0131nda 3.500.000 dolar eksilme oldu\u011funu ve paray\u0131 Erzan\u2019\u0131n t\u0131rt\u0131klad\u0131\u011f\u0131n\u0131 s\u00f6yl\u00fcyor.<\/strong><\/p>\n<p>Terim \u015fikayet\u00e7i olmu\u015f, biz bilmiyoruz. Ancak \u015fikayet\u00e7i oldu\u011fu konuyla alakal\u0131 savc\u0131l\u0131k ifade almad\u0131. \u0130fadeye \u00e7a\u011fr\u0131l\u0131rsak \u015funu s\u00f6yleyece\u011fiz: \u201cTerim\u2019in hesaplar\u0131ndan bir \u00f6rnek verin, inceleyelim. Varsa eksi\u011fimiz kabul ederiz.\u201d Se\u00e7il, \u201cHocan\u0131n gelirleri resmiydi\u201d diyor.<\/p>\n<p><strong>&#8211; Sizce bu fonu nas\u0131l oldu da Fatih Terim\u2019in \u00e7evresine yayd\u0131?<\/strong><\/p>\n<p>Kimseye \u2018Fatih Terim Fonu\u2019 ya da \u2018Hakan Ate\u015f Fonu\u2019 dedi\u011fini d\u00fc\u015f\u00fcnm\u00fcyorum. Bence \u201cTerim de Ate\u015f de buradan para kazan\u0131yor\u201d dedi.<\/p>\n<p><strong>&#8211; O da Terim\u2019in referans\u0131n\u0131 kullanarak para topluyor.<\/strong><\/p>\n<p>Se\u00e7il\u2019in Terim referans\u0131yla i\u015f yapmas\u0131na gerek yok. Zaten her dakika Fatih hocayla, kar\u0131s\u0131yla, Nur Erkasap\u2019la beraber.<\/p>\n<p>Etiketler<\/p>\n","protected":false},"excerpt":{"rendered":"<p>\u0130smail Saymaz&#8217;\u0131n\u00a0 avukat\u00a0 Nazl\u0131 Nadide Karaaslan ile r\u00f6portaj\u0131: &#8211; Se\u00e7il Erzan, 2011\u2019den beri para toplay\u0131p bu \u00e7ark\u0131 \u00e7eviriyor, do\u011fru mu? Do\u011fru. Ba\u015fta \u00e7evresi, akrabalar\u0131 ve arkada\u015flar\u0131 i\u00e7in yap\u0131yor. 2021 y\u0131l\u0131n\u0131n sonunda Ali ve Atilla Y\u00f6r\u00fck\u2019le tan\u0131\u015f\u0131yor. Ali Y\u00f6r\u00fck, Se\u00e7il\u2019in eski sevgilisi Nuri K\u00f6\u015fkdere\u2019nin i\u015f yerinden ayr\u0131l\u0131nca tazminat al\u0131yor. Se\u00e7il\u2019e diyor ki \u201cK\u00f6\u015fkdere\u2019ye \u00e7ok iyi kazand\u0131rd\u0131n, [&hellip;]<\/p>\n","protected":false},"author":8,"featured_media":46292,"comment_status":"open","ping_status":"open","sticky":false,"template":"","format":"standard","meta":{"_acf_changed":false,"jnews-multi-image_gallery":[],"jnews_single_post":{"source_name":"S\u00f6zc\u00fc","source_url":"https:\/\/www.sozcu.com.tr\/secil-erzan-annesinin-imzasini-taklit-edip-kredi-cekmis-p6760","via_name":"","via_url":"","override_template":"0","override":[{"template":"1","single_blog_custom":"","parallax":"1","fullscreen":"1","layout":"right-sidebar","sidebar":"default-sidebar","second_sidebar":"default-sidebar","sticky_sidebar":"1","share_position":"topbottom","share_float_style":"share-monocrhome","show_share_counter":"0","show_view_counter":"0","show_featured":"1","show_post_meta":"1","show_post_author":"0","show_post_author_image":"1","show_post_date":"1","post_date_format":"default","post_date_format_custom":"Y\/m\/d","show_post_category":"0","show_post_reading_time":"1","post_reading_time_wpm":"300","show_zoom_button":"1","zoom_button_out_step":"4","zoom_button_in_step":"4","show_post_tag":"1","show_prev_next_post":"0","show_popup_post":"1","number_popup_post":"2","show_author_box":"1","show_post_related":"1","show_inline_post_related":"0"}],"override_image_size":"0","image_override":[{"single_post_thumbnail_size":"crop-715","single_post_gallery_size":"crop-500"}],"trending_post":"0","trending_post_position":"meta","trending_post_label":"Trending","sponsored_post":"0","sponsored_post_label":"Sponsored by","sponsored_post_name":"","sponsored_post_url":"","sponsored_post_logo_enable":"0","sponsored_post_logo":"","sponsored_post_desc":"","disable_ad":"0"},"jnews_primary_category":{"id":"4","hide":""},"jnews_override_bookmark_settings":{"override_bookmark_button":"0","override_show_bookmark_button":"0"},"jnews_social_meta":{"fb_title":"","fb_description":"","fb_image":"","twitter_title":"","twitter_description":"","twitter_image":""},"jnews_override_counter":{"override_view_counter":"0","view_counter_number":"0","override_share_counter":"0","share_counter_number":"0","override_like_counter":"0","like_counter_number":"0","override_dislike_counter":"0","dislike_counter_number":"0"},"footnotes":""},"categories":[4,1],"tags":[10635,10636,10637,10634,1422],"class_list":["post-46276","post","type-post","status-publish","format-standard","has-post-thumbnail","hentry","category-gundem","category-son-haberler","tag-avukjati","tag-ismail","tag-saymaza-konustu","tag-secil-erzanin","tag-slider-manset"],"acf":[],"_links":{"self":[{"href":"https:\/\/www.turkishpost.net\/ar\/wp-json\/wp\/v2\/posts\/46276","targetHints":{"allow":["GET"]}}],"collection":[{"href":"https:\/\/www.turkishpost.net\/ar\/wp-json\/wp\/v2\/posts"}],"about":[{"href":"https:\/\/www.turkishpost.net\/ar\/wp-json\/wp\/v2\/types\/post"}],"author":[{"embeddable":true,"href":"https:\/\/www.turkishpost.net\/ar\/wp-json\/wp\/v2\/users\/8"}],"replies":[{"embeddable":true,"href":"https:\/\/www.turkishpost.net\/ar\/wp-json\/wp\/v2\/comments?post=46276"}],"version-history":[{"count":0,"href":"https:\/\/www.turkishpost.net\/ar\/wp-json\/wp\/v2\/posts\/46276\/revisions"}],"wp:featuredmedia":[{"embeddable":true,"href":"https:\/\/www.turkishpost.net\/ar\/wp-json\/wp\/v2\/media\/46292"}],"wp:attachment":[{"href":"https:\/\/www.turkishpost.net\/ar\/wp-json\/wp\/v2\/media?parent=46276"}],"wp:term":[{"taxonomy":"category","embeddable":true,"href":"https:\/\/www.turkishpost.net\/ar\/wp-json\/wp\/v2\/categories?post=46276"},{"taxonomy":"post_tag","embeddable":true,"href":"https:\/\/www.turkishpost.net\/ar\/wp-json\/wp\/v2\/tags?post=46276"}],"curies":[{"name":"wp","href":"https:\/\/api.w.org\/{rel}","templated":true}]}}