{"id":45566,"date":"2023-12-08T09:09:48","date_gmt":"2023-12-08T06:09:48","guid":{"rendered":"https:\/\/www.turkishpost.net\/ar\/?p=45566"},"modified":"2023-12-08T09:09:48","modified_gmt":"2023-12-08T06:09:48","slug":"cine-belediye-baskani-enver-salih-dincer-hayatini-kaybetti","status":"publish","type":"post","link":"https:\/\/www.turkishpost.net\/ar\/cine-belediye-baskani-enver-salih-dincer-hayatini-kaybetti\/","title":{"rendered":"\u00c7ine Belediye Ba\u015fkan\u0131 Enver Salih Din\u00e7er hayat\u0131n\u0131 kaybetti"},"content":{"rendered":"<p><strong>(The Turkish Post) &#8211;<\/strong> \u00c7ine Belediye Ba\u015fkan\u0131 Enver Salih Din\u00e7er, karaci\u011feri yetmezli\u011fi nedeniyle 22 ay \u00f6nce nakil i\u015flemi i\u00e7in Malatya \u0130n\u00f6n\u00fc \u00dcniversitesi Hastanesi\u2019ne sevk edildi.<\/p>\n<p>Din\u00e7er, yap\u0131lan karaci\u011fer nakli sonras\u0131 sa\u011fl\u0131\u011f\u0131na kavu\u015farak g\u00f6revine devam etti. 3 d\u00f6nemden beri CHP\u2019den \u00c7ine Belediye Ba\u015fkanl\u0131\u011f\u0131 g\u00f6revini s\u00fcrd\u00fcren Din\u00e7er, ge\u00e7en hafta sal\u0131 g\u00fcn\u00fc kontrol amac\u0131yla Malatya\u2019ya gitti.<\/p>\n<p><strong>G\u00d6BEK FITI\u011eI TE\u015eH\u0130S\u0130 KONULDU<\/strong><\/p>\n<p>Din\u00e7er\u2019in doktorlar\u0131 karaci\u011fer nakline ba\u011fl\u0131 g\u00f6bek f\u0131t\u0131\u011f\u0131 te\u015fhisi koydu. Tekrar ameliyata al\u0131nan Ba\u015fkan Din\u00e7er\u2019in t\u00fcm m\u00fcdahaleye ra\u011fmen ya\u015fam\u0131n\u0131 yitirdi.<\/p>\n<p>Evli ve 2 \u00e7ocuk babas\u0131 olan Din\u00e7er\u2019in cenazesinin i\u015flemlerinin ard\u0131ndan \u00c7ine\u2019de topra\u011fa verilece\u011fi \u00f6\u011frenildi.<\/p>\n","protected":false},"excerpt":{"rendered":"<p>(The Turkish Post) &#8211; \u00c7ine Belediye Ba\u015fkan\u0131 Enver Salih Din\u00e7er, karaci\u011feri yetmezli\u011fi nedeniyle 22 ay \u00f6nce nakil i\u015flemi i\u00e7in Malatya \u0130n\u00f6n\u00fc \u00dcniversitesi Hastanesi\u2019ne sevk edildi. Din\u00e7er, yap\u0131lan karaci\u011fer nakli sonras\u0131 sa\u011fl\u0131\u011f\u0131na kavu\u015farak g\u00f6revine devam etti. 3 d\u00f6nemden beri CHP\u2019den \u00c7ine Belediye Ba\u015fkanl\u0131\u011f\u0131 g\u00f6revini s\u00fcrd\u00fcren Din\u00e7er, ge\u00e7en hafta sal\u0131 g\u00fcn\u00fc kontrol amac\u0131yla Malatya\u2019ya gitti. G\u00d6BEK FITI\u011eI [&hellip;]<\/p>\n","protected":false},"author":5,"featured_media":45567,"comment_status":"open","ping_status":"open","sticky":false,"template":"","format":"standard","meta":{"_acf_changed":false,"jnews-multi-image_gallery":[],"jnews_single_post":{"source_name":"","source_url":"","via_name":"","via_url":"","override_template":"0","override":[{"template":"1","single_blog_custom":"","parallax":"1","fullscreen":"1","layout":"right-sidebar","sidebar":"default-sidebar","second_sidebar":"default-sidebar","sticky_sidebar":"1","share_position":"topbottom","share_float_style":"share-monocrhome","show_share_counter":"0","show_view_counter":"0","show_featured":"1","show_post_meta":"1","show_post_author":"0","show_post_author_image":"1","show_post_date":"1","post_date_format":"default","post_date_format_custom":"Y\/m\/d","show_post_category":"0","show_post_reading_time":"1","post_reading_time_wpm":"300","show_zoom_button":"1","zoom_button_out_step":"4","zoom_button_in_step":"4","show_post_tag":"1","show_prev_next_post":"0","show_popup_post":"1","number_popup_post":"2","show_author_box":"1","show_post_related":"1","show_inline_post_related":"0"}],"override_image_size":"0","image_override":[{"single_post_thumbnail_size":"crop-715","single_post_gallery_size":"crop-500"}],"trending_post":"0","trending_post_position":"meta","trending_post_label":"Trending","sponsored_post":"0","sponsored_post_label":"Sponsored by","sponsored_post_name":"","sponsored_post_url":"","sponsored_post_logo_enable":"0","sponsored_post_logo":"","sponsored_post_desc":"","disable_ad":"0"},"jnews_primary_category":{"id":"4","hide":"4"},"jnews_override_bookmark_settings":{"override_bookmark_button":"0","override_show_bookmark_button":"0"},"jnews_social_meta":{"fb_title":"","fb_description":"","fb_image":"","twitter_title":"","twitter_description":"","twitter_image":""},"jnews_override_counter":{"override_view_counter":"0","view_counter_number":"0","override_share_counter":"0","share_counter_number":"0","override_like_counter":"0","like_counter_number":"0","override_dislike_counter":"0","dislike_counter_number":"0"},"footnotes":""},"categories":[4,1],"tags":[10461,10462,1422],"class_list":["post-45566","post","type-post","status-publish","format-standard","has-post-thumbnail","hentry","category-gundem","category-son-haberler","tag-cine-belediye-baskani","tag-enver-salih-dincer","tag-slider-manset"],"acf":[],"_links":{"self":[{"href":"https:\/\/www.turkishpost.net\/ar\/wp-json\/wp\/v2\/posts\/45566","targetHints":{"allow":["GET"]}}],"collection":[{"href":"https:\/\/www.turkishpost.net\/ar\/wp-json\/wp\/v2\/posts"}],"about":[{"href":"https:\/\/www.turkishpost.net\/ar\/wp-json\/wp\/v2\/types\/post"}],"author":[{"embeddable":true,"href":"https:\/\/www.turkishpost.net\/ar\/wp-json\/wp\/v2\/users\/5"}],"replies":[{"embeddable":true,"href":"https:\/\/www.turkishpost.net\/ar\/wp-json\/wp\/v2\/comments?post=45566"}],"version-history":[{"count":0,"href":"https:\/\/www.turkishpost.net\/ar\/wp-json\/wp\/v2\/posts\/45566\/revisions"}],"wp:featuredmedia":[{"embeddable":true,"href":"https:\/\/www.turkishpost.net\/ar\/wp-json\/wp\/v2\/media\/45567"}],"wp:attachment":[{"href":"https:\/\/www.turkishpost.net\/ar\/wp-json\/wp\/v2\/media?parent=45566"}],"wp:term":[{"taxonomy":"category","embeddable":true,"href":"https:\/\/www.turkishpost.net\/ar\/wp-json\/wp\/v2\/categories?post=45566"},{"taxonomy":"post_tag","embeddable":true,"href":"https:\/\/www.turkishpost.net\/ar\/wp-json\/wp\/v2\/tags?post=45566"}],"curies":[{"name":"wp","href":"https:\/\/api.w.org\/{rel}","templated":true}]}}