{"id":45554,"date":"2023-12-08T08:41:27","date_gmt":"2023-12-08T05:41:27","guid":{"rendered":"https:\/\/www.turkishpost.net\/ar\/?p=45554"},"modified":"2023-12-08T08:41:27","modified_gmt":"2023-12-08T05:41:27","slug":"eski-bakan-erdogan-bayraktardan-ulkeyi-kurtarma-recetesi","status":"publish","type":"post","link":"https:\/\/www.turkishpost.net\/ar\/eski-bakan-erdogan-bayraktardan-ulkeyi-kurtarma-recetesi\/","title":{"rendered":"Eski Bakan Erdo\u011fan Bayraktar\u2019dan \u00fclkeyi kurtarma re\u00e7etesi"},"content":{"rendered":"<p><strong>(The Turkish Post) &#8211;<\/strong> Eski Bakan Erdo\u011fan Bayraktar&#8217;dan dikkat \u00e7eken bir payla\u015f\u0131m geldi. &#8220;\u00dclkenin her alanda d\u00fcze \u00e7\u0131kabilmesi i\u00e7in&#8221; diyen Bayraktar, s\u00f6z konusu payla\u015f\u0131m\u0131nda 5 madde s\u0131ralad\u0131. Bayraktar, &#8220;65 ya\u015f \u00fcst\u00fcn\u00fcn siyaset yapmas\u0131 yasaklanmas\u0131&#8221; diyerek d\u00f6rd\u00fcnc\u00fc maddede Erdo\u011fan\u2019\u0131n tasfiye edilmesini istedi.<\/p>\n<p><img fetchpriority=\"high\" decoding=\"async\" class=\"alignnone size-medium wp-image-45557\" src=\"https:\/\/www.turkishpost.net\/ar\/wp-content\/uploads\/sites\/3\/2023\/12\/bayraktar1-400x258.jpg\" alt=\"\" width=\"400\" height=\"258\" title=\"\" srcset=\"https:\/\/www.turkishpost.net\/ar\/wp-content\/uploads\/sites\/3\/2023\/12\/bayraktar1-400x258.jpg 400w, https:\/\/www.turkishpost.net\/ar\/wp-content\/uploads\/sites\/3\/2023\/12\/bayraktar1-1200x773.jpg 1200w, https:\/\/www.turkishpost.net\/ar\/wp-content\/uploads\/sites\/3\/2023\/12\/bayraktar1-768x495.jpg 768w, https:\/\/www.turkishpost.net\/ar\/wp-content\/uploads\/sites\/3\/2023\/12\/bayraktar1-750x483.jpg 750w, https:\/\/www.turkishpost.net\/ar\/wp-content\/uploads\/sites\/3\/2023\/12\/bayraktar1-1140x734.jpg 1140w, https:\/\/www.turkishpost.net\/ar\/wp-content\/uploads\/sites\/3\/2023\/12\/bayraktar1.jpg 1397w\" sizes=\"(max-width: 400px) 100vw, 400px\" \/><\/p>\n<p>Bayraktar&#8217;\u0131n a\u00e7\u0131klad\u0131\u011f\u0131 5 madde \u015fu \u015fekilde:<\/p>\n<p>&#8220;\u00dclkenin her alana d\u00fcze \u00e7\u0131kabilmesi i\u00e7in:<\/p>\n<p>1-T\u00fcm apartman \u00fcniversiteleri kapat\u0131lmal\u0131.<\/p>\n<p>2-Memur say\u0131s\u0131 neredeyse yar\u0131 yar\u0131ya azalt\u0131lmal\u0131.<\/p>\n<p>3-Milletvekili say\u0131s\u0131 200&#8217;e d\u00fc\u015f\u00fcr\u00fclmeli.<\/p>\n<p>4-65 ya\u015f \u00fcst\u00fcn\u00fcn siyaset yapmas\u0131 yasaklanmal\u0131.<\/p>\n<p>5- Kas\u0131tl\u0131 ve yanl\u0131\u015f karar veren hakimler!!!&#8221;<\/p>\n<p><strong>YOLSUZLUK SORU\u015eTURMASINDA \u0130ST\u0130FA ETM\u0130\u015eT\u0130<\/strong><\/p>\n<p>Bayraktar, bakanlar\u0131n r\u00fc\u015fvet ald\u0131\u011f\u0131 iddias\u0131 \u00fczerine y\u00fcr\u00fct\u00fclen 17-25 Aral\u0131k soru\u015fturmas\u0131 s\u0131ras\u0131nda istifa etmi\u015fti.<\/p>\n","protected":false},"excerpt":{"rendered":"<p>(The Turkish Post) &#8211; Eski Bakan Erdo\u011fan Bayraktar&#8217;dan dikkat \u00e7eken bir payla\u015f\u0131m geldi. &#8220;\u00dclkenin her alanda d\u00fcze \u00e7\u0131kabilmesi i\u00e7in&#8221; diyen Bayraktar, s\u00f6z konusu payla\u015f\u0131m\u0131nda 5 madde s\u0131ralad\u0131. Bayraktar, &#8220;65 ya\u015f \u00fcst\u00fcn\u00fcn siyaset yapmas\u0131 yasaklanmas\u0131&#8221; diyerek d\u00f6rd\u00fcnc\u00fc maddede Erdo\u011fan\u2019\u0131n tasfiye edilmesini istedi. Bayraktar&#8217;\u0131n a\u00e7\u0131klad\u0131\u011f\u0131 5 madde \u015fu \u015fekilde: &#8220;\u00dclkenin her alana d\u00fcze \u00e7\u0131kabilmesi i\u00e7in: 1-T\u00fcm apartman [&hellip;]<\/p>\n","protected":false},"author":5,"featured_media":45555,"comment_status":"open","ping_status":"open","sticky":false,"template":"","format":"standard","meta":{"_acf_changed":false,"jnews-multi-image_gallery":[],"jnews_single_post":{"source_name":"","source_url":"","via_name":"","via_url":"","override_template":"0","override":[{"template":"1","single_blog_custom":"","parallax":"1","fullscreen":"1","layout":"right-sidebar","sidebar":"default-sidebar","second_sidebar":"default-sidebar","sticky_sidebar":"1","share_position":"topbottom","share_float_style":"share-monocrhome","show_share_counter":"0","show_view_counter":"0","show_featured":"1","show_post_meta":"1","show_post_author":"0","show_post_author_image":"1","show_post_date":"1","post_date_format":"default","post_date_format_custom":"Y\/m\/d","show_post_category":"0","show_post_reading_time":"1","post_reading_time_wpm":"300","show_zoom_button":"1","zoom_button_out_step":"4","zoom_button_in_step":"4","show_post_tag":"1","show_prev_next_post":"0","show_popup_post":"1","number_popup_post":"2","show_author_box":"1","show_post_related":"1","show_inline_post_related":"0"}],"override_image_size":"0","image_override":[{"single_post_thumbnail_size":"crop-715","single_post_gallery_size":"crop-500"}],"trending_post":"0","trending_post_position":"meta","trending_post_label":"Trending","sponsored_post":"0","sponsored_post_label":"Sponsored by","sponsored_post_name":"","sponsored_post_url":"","sponsored_post_logo_enable":"0","sponsored_post_logo":"","sponsored_post_desc":"","disable_ad":"0"},"jnews_primary_category":{"id":"4","hide":"4"},"jnews_override_bookmark_settings":{"override_bookmark_button":"0","override_show_bookmark_button":"0"},"jnews_social_meta":{"fb_title":"","fb_description":"","fb_image":"","twitter_title":"","twitter_description":"","twitter_image":""},"jnews_override_counter":{"override_view_counter":"0","view_counter_number":"0","override_share_counter":"0","share_counter_number":"0","override_like_counter":"0","like_counter_number":"0","override_dislike_counter":"0","dislike_counter_number":"0"},"footnotes":""},"categories":[4,1],"tags":[6662,1422],"class_list":["post-45554","post","type-post","status-publish","format-standard","has-post-thumbnail","hentry","category-gundem","category-son-haberler","tag-erdogan-bayraktar","tag-slider-manset"],"acf":[],"_links":{"self":[{"href":"https:\/\/www.turkishpost.net\/ar\/wp-json\/wp\/v2\/posts\/45554","targetHints":{"allow":["GET"]}}],"collection":[{"href":"https:\/\/www.turkishpost.net\/ar\/wp-json\/wp\/v2\/posts"}],"about":[{"href":"https:\/\/www.turkishpost.net\/ar\/wp-json\/wp\/v2\/types\/post"}],"author":[{"embeddable":true,"href":"https:\/\/www.turkishpost.net\/ar\/wp-json\/wp\/v2\/users\/5"}],"replies":[{"embeddable":true,"href":"https:\/\/www.turkishpost.net\/ar\/wp-json\/wp\/v2\/comments?post=45554"}],"version-history":[{"count":0,"href":"https:\/\/www.turkishpost.net\/ar\/wp-json\/wp\/v2\/posts\/45554\/revisions"}],"wp:featuredmedia":[{"embeddable":true,"href":"https:\/\/www.turkishpost.net\/ar\/wp-json\/wp\/v2\/media\/45555"}],"wp:attachment":[{"href":"https:\/\/www.turkishpost.net\/ar\/wp-json\/wp\/v2\/media?parent=45554"}],"wp:term":[{"taxonomy":"category","embeddable":true,"href":"https:\/\/www.turkishpost.net\/ar\/wp-json\/wp\/v2\/categories?post=45554"},{"taxonomy":"post_tag","embeddable":true,"href":"https:\/\/www.turkishpost.net\/ar\/wp-json\/wp\/v2\/tags?post=45554"}],"curies":[{"name":"wp","href":"https:\/\/api.w.org\/{rel}","templated":true}]}}