{"id":44698,"date":"2023-12-04T15:05:36","date_gmt":"2023-12-04T12:05:36","guid":{"rendered":"https:\/\/www.turkishpost.net\/ar\/?p=44698"},"modified":"2023-12-04T15:05:36","modified_gmt":"2023-12-04T12:05:36","slug":"chpde-olaganustu-myk-toplantisi-hedepin-secim-karari-degerlendirilecek","status":"publish","type":"post","link":"https:\/\/www.turkishpost.net\/ar\/chpde-olaganustu-myk-toplantisi-hedepin-secim-karari-degerlendirilecek\/","title":{"rendered":"CHP&#8217;de ola\u011fan\u00fcst\u00fc MYK toplant\u0131s\u0131: HEDEP&#8217;in se\u00e7im karar\u0131 de\u011ferlendirilecek"},"content":{"rendered":"<p><strong>(The Turkish Post) &#8211;<\/strong> Cumhuriyet Halk Partisi\u2019nde bug\u00fcn iki toplant\u0131 \u00fcst \u00fcste yap\u0131lacak. Merkez Y\u00fcr\u00fctme Kurulu (MYK) toplant\u0131s\u0131 CHP Genel Ba\u015fkan\u0131 \u00d6zg\u00fcr \u00d6zel ba\u015fkanl\u0131\u011f\u0131nda saat 12.30\u2019da toplan\u0131rken, Parti Meclisi (PM) ise saat 14.30\u2019da bir araya gelecek. MYK toplant\u0131s\u0131nda Halklar\u0131n E\u015fitlik ve Demokrasi Partisi\u2019nin (HEDEP) t\u00fcm kentlerde se\u00e7ime kat\u0131lma karar\u0131 ve \u0130yi Parti\u2019nin Genel \u0130dare Kurulu\u2019nda (G\u0130K) alaca\u011f\u0131 karar g\u00fcndeme gelecek.<\/p>\n<p><strong>\u2018CHP MYK OLA\u011eAN\u00dcST\u00dc TOPLANDI\u2019<\/strong><\/p>\n<p>HEDEP S\u00f6zc\u00fcs\u00fc Ay\u015feg\u00fcl Do\u011fan, bug\u00fcn MYK toplant\u0131s\u0131 devam ederken, \u201cT\u00fcrkiye\u2019nin her yerinde yerel se\u00e7imlere adaylar\u0131m\u0131zla girme e\u011filimi ortaya \u00e7\u0131kt\u0131. Bu karar PM\u2019de de\u011ferlendirilecek. T\u00fcrkiye\u2019nin her yerinde yerel se\u00e7imlere kendi adaylar\u0131m\u0131zla girmek i\u00e7in haz\u0131rl\u0131klar\u0131m\u0131z tamamland\u0131\u201d a\u00e7\u0131klamas\u0131nda bulundu. Bu a\u00e7\u0131klaman\u0131n ard\u0131ndan CHP MYK ola\u011fan\u00fcst\u00fc topland\u0131.<\/p>\n<p><strong>\u2018HEDEP VE \u0130Y\u0130 PART\u0130\u2019N\u0130N KARARI DE\u011eERLEND\u0130R\u0130LECEK\u2019<\/strong><\/p>\n<p>CHP Genel Merkez\u2019de MYK toplant\u0131s\u0131n\u0131n ard\u0131ndan Parti Meclisi de toplan\u0131yor. Saat 14.30\u2019da ger\u00e7ekle\u015fecek toplant\u0131ya CHP Genel Ba\u015fkan\u0131 \u00d6zg\u00fcr \u00d6zel ba\u015fkanl\u0131k edecek. PM toplant\u0131s\u0131n\u0131n ana g\u00fcndemini, yerel se\u00e7im stratejileri de\u011ferlendirmesi, yerel y\u00f6netimler se\u00e7imine ili\u015fkin baz\u0131 se\u00e7im \u00e7evrelerinde aday belirleme y\u00f6ntemi ve ba\u011f\u0131\u015flama isteklerinin g\u00f6r\u00fc\u015f\u00fclmesi olacak. Bunu yan\u0131 s\u0131ra \u0130Y\u0130 Parti G\u0130K\u2019in alaca\u011f\u0131 karar ve HEDEP\u2019in t\u00fcm kentlerde aday \u00e7\u0131karmas\u0131 konusunun da toplant\u0131n\u0131n g\u00fcndemine gelmesi bekleniyor.<\/p>\n","protected":false},"excerpt":{"rendered":"<p>(The Turkish Post) &#8211; Cumhuriyet Halk Partisi\u2019nde bug\u00fcn iki toplant\u0131 \u00fcst \u00fcste yap\u0131lacak. Merkez Y\u00fcr\u00fctme Kurulu (MYK) toplant\u0131s\u0131 CHP Genel Ba\u015fkan\u0131 \u00d6zg\u00fcr \u00d6zel ba\u015fkanl\u0131\u011f\u0131nda saat 12.30\u2019da toplan\u0131rken, Parti Meclisi (PM) ise saat 14.30\u2019da bir araya gelecek. MYK toplant\u0131s\u0131nda Halklar\u0131n E\u015fitlik ve Demokrasi Partisi\u2019nin (HEDEP) t\u00fcm kentlerde se\u00e7ime kat\u0131lma karar\u0131 ve \u0130yi Parti\u2019nin Genel \u0130dare Kurulu\u2019nda [&hellip;]<\/p>\n","protected":false},"author":8,"featured_media":44604,"comment_status":"open","ping_status":"open","sticky":false,"template":"","format":"standard","meta":{"_acf_changed":false,"jnews-multi-image_gallery":[],"jnews_single_post":{"source_name":"Art\u0131 Ger\u00e7ek ","source_url":"https:\/\/artigercek.com\/politika\/chpde-olaganustu-myk-toplantisi-hedepin-secim-karari-degerlendirilecek-275536h","via_name":"","via_url":"","override_template":"0","override":[{"template":"1","single_blog_custom":"","parallax":"1","fullscreen":"1","layout":"right-sidebar","sidebar":"default-sidebar","second_sidebar":"default-sidebar","sticky_sidebar":"1","share_position":"topbottom","share_float_style":"share-monocrhome","show_share_counter":"0","show_view_counter":"0","show_featured":"1","show_post_meta":"1","show_post_author":"0","show_post_author_image":"1","show_post_date":"1","post_date_format":"default","post_date_format_custom":"Y\/m\/d","show_post_category":"0","show_post_reading_time":"1","post_reading_time_wpm":"300","show_zoom_button":"1","zoom_button_out_step":"4","zoom_button_in_step":"4","show_post_tag":"1","show_prev_next_post":"0","show_popup_post":"1","number_popup_post":"2","show_author_box":"1","show_post_related":"1","show_inline_post_related":"0"}],"override_image_size":"0","image_override":[{"single_post_thumbnail_size":"crop-715","single_post_gallery_size":"crop-500"}],"trending_post":"0","trending_post_position":"meta","trending_post_label":"Trending","sponsored_post":"0","sponsored_post_label":"Sponsored by","sponsored_post_name":"","sponsored_post_url":"","sponsored_post_logo_enable":"0","sponsored_post_logo":"","sponsored_post_desc":"","disable_ad":"0"},"jnews_primary_category":{"id":"4","hide":""},"jnews_override_bookmark_settings":{"override_bookmark_button":"0","override_show_bookmark_button":"0"},"jnews_social_meta":{"fb_title":"","fb_description":"","fb_image":"","twitter_title":"","twitter_description":"","twitter_image":""},"jnews_override_counter":{"override_view_counter":"0","view_counter_number":"0","override_share_counter":"0","share_counter_number":"0","override_like_counter":"0","like_counter_number":"0","override_dislike_counter":"0","dislike_counter_number":"0"},"footnotes":""},"categories":[4,1],"tags":[1422],"class_list":["post-44698","post","type-post","status-publish","format-standard","has-post-thumbnail","hentry","category-gundem","category-son-haberler","tag-slider-manset"],"acf":[],"_links":{"self":[{"href":"https:\/\/www.turkishpost.net\/ar\/wp-json\/wp\/v2\/posts\/44698","targetHints":{"allow":["GET"]}}],"collection":[{"href":"https:\/\/www.turkishpost.net\/ar\/wp-json\/wp\/v2\/posts"}],"about":[{"href":"https:\/\/www.turkishpost.net\/ar\/wp-json\/wp\/v2\/types\/post"}],"author":[{"embeddable":true,"href":"https:\/\/www.turkishpost.net\/ar\/wp-json\/wp\/v2\/users\/8"}],"replies":[{"embeddable":true,"href":"https:\/\/www.turkishpost.net\/ar\/wp-json\/wp\/v2\/comments?post=44698"}],"version-history":[{"count":0,"href":"https:\/\/www.turkishpost.net\/ar\/wp-json\/wp\/v2\/posts\/44698\/revisions"}],"wp:featuredmedia":[{"embeddable":true,"href":"https:\/\/www.turkishpost.net\/ar\/wp-json\/wp\/v2\/media\/44604"}],"wp:attachment":[{"href":"https:\/\/www.turkishpost.net\/ar\/wp-json\/wp\/v2\/media?parent=44698"}],"wp:term":[{"taxonomy":"category","embeddable":true,"href":"https:\/\/www.turkishpost.net\/ar\/wp-json\/wp\/v2\/categories?post=44698"},{"taxonomy":"post_tag","embeddable":true,"href":"https:\/\/www.turkishpost.net\/ar\/wp-json\/wp\/v2\/tags?post=44698"}],"curies":[{"name":"wp","href":"https:\/\/api.w.org\/{rel}","templated":true}]}}