{"id":44392,"date":"2023-12-03T09:15:26","date_gmt":"2023-12-03T06:15:26","guid":{"rendered":"https:\/\/www.turkishpost.net\/ar\/?p=44392"},"modified":"2023-12-03T09:15:26","modified_gmt":"2023-12-03T06:15:26","slug":"rusyanin-mavi-bultenle-aradigi-cete-lideri-istanbulda-yakalandi","status":"publish","type":"post","link":"https:\/\/www.turkishpost.net\/ar\/rusyanin-mavi-bultenle-aradigi-cete-lideri-istanbulda-yakalandi\/","title":{"rendered":"Rusya\u2019n\u0131n mavi b\u00fcltenle arad\u0131\u011f\u0131 \u00e7ete lideri \u0130stanbul&#8217;da yakaland\u0131"},"content":{"rendered":"<p><strong>(The Turkish Post) &#8211;<\/strong> Mavi b\u00fcltenle aranan ve Rusya&#8217;da faaliyet g\u00f6steren &#8216;Thieves in Law&#8217; organize su\u00e7 \u00f6rg\u00fct\u00fc y\u00f6neticilerinden Shamil Amirov \u201cKafes-15&#8243; operasyonuyla Sar\u0131yer&#8217;de yakaland\u0131.<\/p>\n<p>\u0130\u00e7i\u015fleri Bakan\u0131 Ali Yerlikaya, \u0130nterpol taraf\u0131ndan hakk\u0131nda mavi b\u00fclten \u00e7\u0131kar\u0131lan Shamil Amirov&#8217;un \u0130stanbul&#8217;da yakaland\u0131\u011f\u0131n\u0131 duyurdu.<\/p>\n<p>Yerlikaya sosyal medya hesab\u0131ndan yapt\u0131\u011f\u0131 a\u00e7\u0131klamada &#8220;Mavi B\u00fclten&#8217;le aranan ve Rusya&#8217;da faaliyet g\u00f6steren &#8216;Thieves in Law&#8217; Organize Su\u00e7 \u00d6rg\u00fct\u00fc Y\u00f6neticilerinden Shamil Amirov \u0130stanbul&#8217;da yap\u0131lan Kafes-15 Operasyonuyla yakaland\u0131. Uluslararas\u0131 ve ulusal organize su\u00e7 odaklar\u0131yla, zehir tacirleriyle m\u00fccadelemiz artarak devam edecek. Nefeslerini kesece\u011fiz&#8221; ifadeleri yer ald\u0131.<\/p>\n","protected":false},"excerpt":{"rendered":"<p>(The Turkish Post) &#8211; Mavi b\u00fcltenle aranan ve Rusya&#8217;da faaliyet g\u00f6steren &#8216;Thieves in Law&#8217; organize su\u00e7 \u00f6rg\u00fct\u00fc y\u00f6neticilerinden Shamil Amirov \u201cKafes-15&#8243; operasyonuyla Sar\u0131yer&#8217;de yakaland\u0131. \u0130\u00e7i\u015fleri Bakan\u0131 Ali Yerlikaya, \u0130nterpol taraf\u0131ndan hakk\u0131nda mavi b\u00fclten \u00e7\u0131kar\u0131lan Shamil Amirov&#8217;un \u0130stanbul&#8217;da yakaland\u0131\u011f\u0131n\u0131 duyurdu. Yerlikaya sosyal medya hesab\u0131ndan yapt\u0131\u011f\u0131 a\u00e7\u0131klamada &#8220;Mavi B\u00fclten&#8217;le aranan ve Rusya&#8217;da faaliyet g\u00f6steren &#8216;Thieves in Law&#8217; [&hellip;]<\/p>\n","protected":false},"author":5,"featured_media":44393,"comment_status":"open","ping_status":"open","sticky":false,"template":"","format":"standard","meta":{"_acf_changed":false,"jnews-multi-image_gallery":[],"jnews_single_post":{"source_name":"","source_url":"","via_name":"","via_url":"","override_template":"0","override":[{"template":"1","single_blog_custom":"","parallax":"1","fullscreen":"1","layout":"right-sidebar","sidebar":"default-sidebar","second_sidebar":"default-sidebar","sticky_sidebar":"1","share_position":"topbottom","share_float_style":"share-monocrhome","show_share_counter":"0","show_view_counter":"0","show_featured":"1","show_post_meta":"1","show_post_author":"0","show_post_author_image":"1","show_post_date":"1","post_date_format":"default","post_date_format_custom":"Y\/m\/d","show_post_category":"0","show_post_reading_time":"1","post_reading_time_wpm":"300","show_zoom_button":"1","zoom_button_out_step":"4","zoom_button_in_step":"4","show_post_tag":"1","show_prev_next_post":"0","show_popup_post":"1","number_popup_post":"2","show_author_box":"1","show_post_related":"1","show_inline_post_related":"0"}],"override_image_size":"0","image_override":[{"single_post_thumbnail_size":"crop-715","single_post_gallery_size":"crop-500"}],"trending_post":"0","trending_post_position":"meta","trending_post_label":"Trending","sponsored_post":"0","sponsored_post_label":"Sponsored by","sponsored_post_name":"","sponsored_post_url":"","sponsored_post_logo_enable":"0","sponsored_post_logo":"","sponsored_post_desc":"","disable_ad":"0"},"jnews_primary_category":{"id":"4","hide":"4"},"jnews_override_bookmark_settings":{"override_bookmark_button":"0","override_show_bookmark_button":"0"},"jnews_social_meta":{"fb_title":"","fb_description":"","fb_image":"","twitter_title":"","twitter_description":"","twitter_image":""},"jnews_override_counter":{"override_view_counter":"0","view_counter_number":"0","override_share_counter":"0","share_counter_number":"0","override_like_counter":"0","like_counter_number":"0","override_dislike_counter":"0","dislike_counter_number":"0"},"footnotes":""},"categories":[4,1],"tags":[10192,10194,1422,10193],"class_list":["post-44392","post","type-post","status-publish","format-standard","has-post-thumbnail","hentry","category-gundem","category-son-haberler","tag-mavi-bulten","tag-shamil-amirov","tag-slider-manset","tag-thieves-in-law"],"acf":[],"_links":{"self":[{"href":"https:\/\/www.turkishpost.net\/ar\/wp-json\/wp\/v2\/posts\/44392","targetHints":{"allow":["GET"]}}],"collection":[{"href":"https:\/\/www.turkishpost.net\/ar\/wp-json\/wp\/v2\/posts"}],"about":[{"href":"https:\/\/www.turkishpost.net\/ar\/wp-json\/wp\/v2\/types\/post"}],"author":[{"embeddable":true,"href":"https:\/\/www.turkishpost.net\/ar\/wp-json\/wp\/v2\/users\/5"}],"replies":[{"embeddable":true,"href":"https:\/\/www.turkishpost.net\/ar\/wp-json\/wp\/v2\/comments?post=44392"}],"version-history":[{"count":0,"href":"https:\/\/www.turkishpost.net\/ar\/wp-json\/wp\/v2\/posts\/44392\/revisions"}],"wp:featuredmedia":[{"embeddable":true,"href":"https:\/\/www.turkishpost.net\/ar\/wp-json\/wp\/v2\/media\/44393"}],"wp:attachment":[{"href":"https:\/\/www.turkishpost.net\/ar\/wp-json\/wp\/v2\/media?parent=44392"}],"wp:term":[{"taxonomy":"category","embeddable":true,"href":"https:\/\/www.turkishpost.net\/ar\/wp-json\/wp\/v2\/categories?post=44392"},{"taxonomy":"post_tag","embeddable":true,"href":"https:\/\/www.turkishpost.net\/ar\/wp-json\/wp\/v2\/tags?post=44392"}],"curies":[{"name":"wp","href":"https:\/\/api.w.org\/{rel}","templated":true}]}}