{"id":44246,"date":"2023-12-02T12:23:55","date_gmt":"2023-12-02T09:23:55","guid":{"rendered":"https:\/\/www.turkishpost.net\/ar\/?p=44246"},"modified":"2023-12-02T12:23:55","modified_gmt":"2023-12-02T09:23:55","slug":"evrensel-gazetesinin-yeni-genel-yayin-yonetmeni-hakki-ozdal-oldu","status":"publish","type":"post","link":"https:\/\/www.turkishpost.net\/ar\/evrensel-gazetesinin-yeni-genel-yayin-yonetmeni-hakki-ozdal-oldu\/","title":{"rendered":"Evrensel gazetesinin yeni genel yay\u0131n y\u00f6netmeni Hakk\u0131 \u00d6zdal oldu"},"content":{"rendered":"<p><strong>(The Turkish Post) \u2013 <\/strong>T\u00fcrkiye\u2019de i\u015f\u00e7i ve emek \u00f6rg\u00fctlerinin \u00f6nemli sesi konumundaki Evrensel gazetesi, yeni yay\u0131n d\u00f6nemine yeni bir genel yay\u0131n y\u00f6netmeni ile ba\u015flad\u0131. Gazeteci Hakk\u0131 \u00d6zdal, Evrensel\u2019in genel yay\u0131n y\u00f6netmenli\u011fine getirildi. Y\u0131llard\u0131r gazetede \u00e7al\u0131\u015fan Muzaffer \u00d6zkurt ise yaz\u0131 i\u015fleri m\u00fcd\u00fcr\u00fc oldu.<\/p>\n<p>Evrensel Gazetesi\u2019ni yeni genel yay\u0131n y\u00f6netmeni Hakk\u0131 \u00d6zdal oldu. Y\u0131llard\u0131r gazetenin ba\u015f\u0131ndaki Fatih Polat, direksiyonu \u00d6zdal\u2019a devretti.<\/p>\n<p>De\u011fi\u015fimi sosyal medya hesab\u0131ndan da duyuran Hakk\u0131 \u00d6zdal,\u201dEvrensel\u2019in birikimini arkam\u0131za alarak, sermaye ve ba\u011fl\u0131 g\u00fc\u00e7lerine kar\u015f\u0131 eme\u011fin yan\u0131nda, t\u00fcm ezilenlerin yan\u0131nda m\u00fccadeleyi b\u00fcy\u00fctmek i\u00e7in u\u011fra\u015faca\u011f\u0131z\u201d ifadelerini kulland\u0131.<\/p>\n<p>1996\u2019dan itibaren Evrensel\u2019de, Evrensel K\u00fclt\u00fcr dergisinde, Referans ve Radikal gazetelerinde edit\u00f6rl\u00fck ve yazarl\u0131k yapan \u00d6zdal, Yeni e dergisinin yaz\u0131 i\u015fleri m\u00fcd\u00fcrl\u00fc\u011f\u00fcn\u00fc yap\u0131yordu. \u00d6zdal ayn\u0131 zamanda Evrensel gazetesine k\u00f6\u015fe yaz\u0131s\u0131 yaz\u0131yordu.<\/p>\n","protected":false},"excerpt":{"rendered":"<p>(The Turkish Post) \u2013 T\u00fcrkiye\u2019de i\u015f\u00e7i ve emek \u00f6rg\u00fctlerinin \u00f6nemli sesi konumundaki Evrensel gazetesi, yeni yay\u0131n d\u00f6nemine yeni bir genel yay\u0131n y\u00f6netmeni ile ba\u015flad\u0131. Gazeteci Hakk\u0131 \u00d6zdal, Evrensel\u2019in genel yay\u0131n y\u00f6netmenli\u011fine getirildi. Y\u0131llard\u0131r gazetede \u00e7al\u0131\u015fan Muzaffer \u00d6zkurt ise yaz\u0131 i\u015fleri m\u00fcd\u00fcr\u00fc oldu. Evrensel Gazetesi\u2019ni yeni genel yay\u0131n y\u00f6netmeni Hakk\u0131 \u00d6zdal oldu. Y\u0131llard\u0131r gazetenin ba\u015f\u0131ndaki Fatih [&hellip;]<\/p>\n","protected":false},"author":4,"featured_media":44247,"comment_status":"open","ping_status":"open","sticky":false,"template":"","format":"standard","meta":{"_acf_changed":false,"jnews-multi-image_gallery":[],"jnews_single_post":{"source_name":"","source_url":"","via_name":"","via_url":"","override_template":"0","override":[{"template":"1","single_blog_custom":"","parallax":"1","fullscreen":"1","layout":"right-sidebar","sidebar":"default-sidebar","second_sidebar":"default-sidebar","sticky_sidebar":"1","share_position":"topbottom","share_float_style":"share-monocrhome","show_share_counter":"0","show_view_counter":"0","show_featured":"1","show_post_meta":"1","show_post_author":"0","show_post_author_image":"1","show_post_date":"1","post_date_format":"default","post_date_format_custom":"Y\/m\/d","show_post_category":"0","show_post_reading_time":"1","post_reading_time_wpm":"300","show_zoom_button":"1","zoom_button_out_step":"4","zoom_button_in_step":"4","show_post_tag":"1","show_prev_next_post":"0","show_popup_post":"1","number_popup_post":"2","show_author_box":"1","show_post_related":"1","show_inline_post_related":"0"}],"override_image_size":"0","image_override":[{"single_post_thumbnail_size":"crop-715","single_post_gallery_size":"crop-500"}],"trending_post":"0","trending_post_position":"meta","trending_post_label":"Trending","sponsored_post":"0","sponsored_post_label":"Sponsored by","sponsored_post_name":"","sponsored_post_url":"","sponsored_post_logo_enable":"0","sponsored_post_logo":"","sponsored_post_desc":"","disable_ad":"0"},"jnews_primary_category":{"id":"4","hide":""},"jnews_override_bookmark_settings":{"override_bookmark_button":"0","override_show_bookmark_button":"0"},"jnews_social_meta":{"fb_title":"","fb_description":"","fb_image":"","twitter_title":"","twitter_description":"","twitter_image":""},"jnews_override_counter":{"override_view_counter":"0","view_counter_number":"0","override_share_counter":"0","share_counter_number":"0","override_like_counter":"0","like_counter_number":"0","override_dislike_counter":"0","dislike_counter_number":"0"},"footnotes":""},"categories":[4,1],"tags":[10165,10166,1422],"class_list":["post-44246","post","type-post","status-publish","format-standard","has-post-thumbnail","hentry","category-gundem","category-son-haberler","tag-evrensel-gazetesi","tag-hakki-ozdal","tag-slider-manset"],"acf":[],"_links":{"self":[{"href":"https:\/\/www.turkishpost.net\/ar\/wp-json\/wp\/v2\/posts\/44246","targetHints":{"allow":["GET"]}}],"collection":[{"href":"https:\/\/www.turkishpost.net\/ar\/wp-json\/wp\/v2\/posts"}],"about":[{"href":"https:\/\/www.turkishpost.net\/ar\/wp-json\/wp\/v2\/types\/post"}],"author":[{"embeddable":true,"href":"https:\/\/www.turkishpost.net\/ar\/wp-json\/wp\/v2\/users\/4"}],"replies":[{"embeddable":true,"href":"https:\/\/www.turkishpost.net\/ar\/wp-json\/wp\/v2\/comments?post=44246"}],"version-history":[{"count":0,"href":"https:\/\/www.turkishpost.net\/ar\/wp-json\/wp\/v2\/posts\/44246\/revisions"}],"wp:featuredmedia":[{"embeddable":true,"href":"https:\/\/www.turkishpost.net\/ar\/wp-json\/wp\/v2\/media\/44247"}],"wp:attachment":[{"href":"https:\/\/www.turkishpost.net\/ar\/wp-json\/wp\/v2\/media?parent=44246"}],"wp:term":[{"taxonomy":"category","embeddable":true,"href":"https:\/\/www.turkishpost.net\/ar\/wp-json\/wp\/v2\/categories?post=44246"},{"taxonomy":"post_tag","embeddable":true,"href":"https:\/\/www.turkishpost.net\/ar\/wp-json\/wp\/v2\/tags?post=44246"}],"curies":[{"name":"wp","href":"https:\/\/api.w.org\/{rel}","templated":true}]}}