{"id":42653,"date":"2023-11-25T14:53:27","date_gmt":"2023-11-25T11:53:27","guid":{"rendered":"https:\/\/www.turkishpost.net\/ar\/?p=42653"},"modified":"2023-11-25T14:53:27","modified_gmt":"2023-11-25T11:53:27","slug":"hic-para-vermedim-diyen-fatih-terim-700-bin-dolar-koyup-15-milyon-dolar-almis","status":"publish","type":"post","link":"https:\/\/www.turkishpost.net\/ar\/hic-para-vermedim-diyen-fatih-terim-700-bin-dolar-koyup-15-milyon-dolar-almis\/","title":{"rendered":"\u2018Hi\u00e7 para vermedim\u2019 diyen Fatih Terim, 700 bin dolar koyup 1,5 milyon dolar alm\u0131\u015f"},"content":{"rendered":"<p><strong>(The Turkish Post) \u2013 <\/strong>Kamuoyunda b\u00fcy\u00fck yank\u0131 uyand\u0131ran \u2018fon\u2019 ve \u2018doland\u0131r\u0131c\u0131l\u0131k\u2019 soru\u015fturmas\u0131nda yeni detaylar \u00e7\u0131kt\u0131k\u00e7a \u015fa\u015fk\u0131nl\u0131k da art\u0131yor. Fatih Terim\u2019in daha \u00f6nce ifadesinde \u201cBu fon i\u00e7in Se\u00e7il Erzan\u2019a hi\u00e7 para vermedim\u201d demi\u015fti. Ancak bankac\u0131 Se\u00e7il Erzan\u2019\u0131n evinde yap\u0131lan aramada Fatih Terim\u2019in 700 bin dolar verip 1,5 milyon dolar ald\u0131\u011f\u0131n\u0131n belgesi ortaya \u00e7\u0131kt\u0131.<\/p>\n<p>\u00dcnl\u00fc futbolcular\u0131n y\u00fcksek k\u00e2r vaadiyle doland\u0131r\u0131lmas\u0131 olay\u0131nda Fatih Terim \u201cBen para vermedim\u201d dedi. Terim\u2019in para verdi\u011fine ili\u015fkin tablo Se\u00e7il Erzan\u2019\u0131n evinden \u00e7\u0131kt\u0131. Erzan ifadesinde tabloyu bankan\u0131n haz\u0131rlad\u0131\u011f\u0131n\u0131 a\u00e7\u0131klad\u0131.<\/p>\n<p>10 Haber\u2019den Masum G\u00f6k\u2019\u00fcn haberine g\u00f6re \u2018Fatih Terim Fonu\u2019 olarak bilinen olayda, daha \u00f6nce para vermedi\u011fini ifade eden Fatih Terim\u2019in ad\u0131, ele ge\u00e7irilen bor\u00e7-alacak listelerinde yer ald\u0131. Emniyet\u2019in bankac\u0131 Se\u00e7il Erzan\u2019\u0131n evindeki aramalar\u0131nda elde edilen tablo ve listelerde, Terim\u2019in ne kadar para verip-ald\u0131\u011f\u0131 da bulunuyor.<\/p>\n<p><img fetchpriority=\"high\" decoding=\"async\" class=\"alignnone  wp-image-42654\" src=\"https:\/\/www.turkishpost.net\/ar\/wp-content\/uploads\/sites\/3\/2023\/11\/fatih-terim-fonu111-ytox-400x261.webp\" alt=\"\" width=\"772\" height=\"504\" title=\"\" srcset=\"https:\/\/www.turkishpost.net\/ar\/wp-content\/uploads\/sites\/3\/2023\/11\/fatih-terim-fonu111-ytox-400x261.webp 400w, https:\/\/www.turkishpost.net\/ar\/wp-content\/uploads\/sites\/3\/2023\/11\/fatih-terim-fonu111-ytox.webp 690w\" sizes=\"(max-width: 772px) 100vw, 772px\" \/><\/p>\n<p>Aralar\u0131nda futbolcular\u0131n da oldu\u011fu 18 ki\u015finin doland\u0131r\u0131lmas\u0131 olay\u0131nda Erzan\u2019\u0131n \u00c7orlu\u2019daki evinde bor\u00e7lular\u0131n ve alacaklar\u0131n\u0131n oldu\u011fu tablo bulundu.<\/p>\n<p>Emniyete verdi\u011fi bilgilerede \u201cBen para vermedim\u201d diyen teknik direkt\u00f6r Fatih Terim\u2019in 700 bin dolar verdi\u011fi ve 1,5 milyon dolar da geri ald\u0131\u011f\u0131 g\u00f6r\u00fcl\u00fcrken tabloya \u2018\u00f6denen miktar yaz\u0131lan\u0131n \u00e7ok \u2026\u2019 notu d\u00fc\u015f\u00fcld\u00fc.<\/p>\n","protected":false},"excerpt":{"rendered":"<p>(The Turkish Post) \u2013 Kamuoyunda b\u00fcy\u00fck yank\u0131 uyand\u0131ran \u2018fon\u2019 ve \u2018doland\u0131r\u0131c\u0131l\u0131k\u2019 soru\u015fturmas\u0131nda yeni detaylar \u00e7\u0131kt\u0131k\u00e7a \u015fa\u015fk\u0131nl\u0131k da art\u0131yor. Fatih Terim\u2019in daha \u00f6nce ifadesinde \u201cBu fon i\u00e7in Se\u00e7il Erzan\u2019a hi\u00e7 para vermedim\u201d demi\u015fti. Ancak bankac\u0131 Se\u00e7il Erzan\u2019\u0131n evinde yap\u0131lan aramada Fatih Terim\u2019in 700 bin dolar verip 1,5 milyon dolar ald\u0131\u011f\u0131n\u0131n belgesi ortaya \u00e7\u0131kt\u0131. \u00dcnl\u00fc futbolcular\u0131n y\u00fcksek [&hellip;]<\/p>\n","protected":false},"author":4,"featured_media":42656,"comment_status":"open","ping_status":"open","sticky":false,"template":"","format":"standard","meta":{"_acf_changed":false,"jnews-multi-image_gallery":[],"jnews_single_post":{"source_name":"","source_url":"","via_name":"","via_url":"","override_template":"0","override":[{"template":"1","single_blog_custom":"","parallax":"1","fullscreen":"1","layout":"right-sidebar","sidebar":"default-sidebar","second_sidebar":"default-sidebar","sticky_sidebar":"1","share_position":"topbottom","share_float_style":"share-monocrhome","show_share_counter":"0","show_view_counter":"0","show_featured":"1","show_post_meta":"1","show_post_author":"0","show_post_author_image":"1","show_post_date":"1","post_date_format":"default","post_date_format_custom":"Y\/m\/d","show_post_category":"0","show_post_reading_time":"1","post_reading_time_wpm":"300","show_zoom_button":"1","zoom_button_out_step":"4","zoom_button_in_step":"4","show_post_tag":"1","show_prev_next_post":"0","show_popup_post":"1","number_popup_post":"2","show_author_box":"1","show_post_related":"1","show_inline_post_related":"0"}],"override_image_size":"0","image_override":[{"single_post_thumbnail_size":"crop-715","single_post_gallery_size":"crop-500"}],"trending_post":"0","trending_post_position":"meta","trending_post_label":"Trending","sponsored_post":"0","sponsored_post_label":"Sponsored by","sponsored_post_name":"","sponsored_post_url":"","sponsored_post_logo_enable":"0","sponsored_post_logo":"","sponsored_post_desc":"","disable_ad":"0"},"jnews_primary_category":{"id":"4","hide":""},"jnews_override_bookmark_settings":{"override_bookmark_button":"0","override_show_bookmark_button":"0"},"jnews_social_meta":{"fb_title":"","fb_description":"","fb_image":"","twitter_title":"","twitter_description":"","twitter_image":""},"jnews_override_counter":{"override_view_counter":"0","view_counter_number":"0","override_share_counter":"0","share_counter_number":"0","override_like_counter":"0","like_counter_number":"0","override_dislike_counter":"0","dislike_counter_number":"0"},"footnotes":""},"categories":[4,1],"tags":[9823,1422],"class_list":["post-42653","post","type-post","status-publish","format-standard","has-post-thumbnail","hentry","category-gundem","category-son-haberler","tag-atih-terim-secil-erzan","tag-slider-manset"],"acf":[],"_links":{"self":[{"href":"https:\/\/www.turkishpost.net\/ar\/wp-json\/wp\/v2\/posts\/42653","targetHints":{"allow":["GET"]}}],"collection":[{"href":"https:\/\/www.turkishpost.net\/ar\/wp-json\/wp\/v2\/posts"}],"about":[{"href":"https:\/\/www.turkishpost.net\/ar\/wp-json\/wp\/v2\/types\/post"}],"author":[{"embeddable":true,"href":"https:\/\/www.turkishpost.net\/ar\/wp-json\/wp\/v2\/users\/4"}],"replies":[{"embeddable":true,"href":"https:\/\/www.turkishpost.net\/ar\/wp-json\/wp\/v2\/comments?post=42653"}],"version-history":[{"count":0,"href":"https:\/\/www.turkishpost.net\/ar\/wp-json\/wp\/v2\/posts\/42653\/revisions"}],"wp:featuredmedia":[{"embeddable":true,"href":"https:\/\/www.turkishpost.net\/ar\/wp-json\/wp\/v2\/media\/42656"}],"wp:attachment":[{"href":"https:\/\/www.turkishpost.net\/ar\/wp-json\/wp\/v2\/media?parent=42653"}],"wp:term":[{"taxonomy":"category","embeddable":true,"href":"https:\/\/www.turkishpost.net\/ar\/wp-json\/wp\/v2\/categories?post=42653"},{"taxonomy":"post_tag","embeddable":true,"href":"https:\/\/www.turkishpost.net\/ar\/wp-json\/wp\/v2\/tags?post=42653"}],"curies":[{"name":"wp","href":"https:\/\/api.w.org\/{rel}","templated":true}]}}