{"id":42499,"date":"2023-11-24T22:31:45","date_gmt":"2023-11-24T19:31:45","guid":{"rendered":"https:\/\/www.turkishpost.net\/ar\/?p=42499"},"modified":"2023-11-24T22:31:45","modified_gmt":"2023-11-24T19:31:45","slug":"ak-partili-faruk-celik-cumhurbaskanimizin-onunde-hain-tezgahlara-muhatap-birakildim","status":"publish","type":"post","link":"https:\/\/www.turkishpost.net\/ar\/ak-partili-faruk-celik-cumhurbaskanimizin-onunde-hain-tezgahlara-muhatap-birakildim\/","title":{"rendered":"AK Partili Faruk \u00c7elik: Cumhurba\u015fkan\u0131m\u0131z\u0131n \u00f6n\u00fcnde hain tezgahlara muhatap b\u0131rak\u0131ld\u0131m"},"content":{"rendered":"<p><strong>(The Turkish Post) &#8211;\u00a0<\/strong>AK Parti Artvin Milletvekili Faruk \u00c7elik, partisinin i\u00e7indeki ki\u015filerin kendisine Cumhurba\u015fkan\u0131 Recep Tayyip Erdo\u011fan&#8217;\u0131n \u00f6n\u00fcnde &#8220;hain tuzaklar kurdu\u011funu&#8221; s\u00f6yledi.<\/p>\n<p>Sosyal medya hesab\u0131ndan yapt\u0131\u011f\u0131 payla\u015f\u0131mda &#8220;Siyasetin do\u011fas\u0131nda g\u00f6revlerden ayr\u0131lmak da vard\u0131r. G\u00f6revden ayr\u0131ld\u0131\u011f\u0131n\u0131zda sizi hay\u0131rla ananlardan \u00e7ok sizi ele\u015ftirenler g\u00f6ze batar. Her siyaset\u00e7i bunu ya\u015fam\u0131\u015ft\u0131r, ya\u015fayacakt\u0131r. S\u0131rayla bunlar. Mesele, \u00f6venlere g\u00f6sterece\u011finiz memnuniyet de\u011fil, ele\u015ftirenlere kar\u015f\u0131 g\u00f6sterece\u011finiz sab\u0131rd\u0131r&#8221; diyen \u00c7elik, &#8220;milli tar\u0131m&#8221;dan rahats\u0131zl\u0131k duyanlar oldu\u011funu belirtti.<\/p>\n<p>\u00c7elik, &#8220;\u015eahsen, &#8216;milli tar\u0131m&#8217;dan rahats\u0131z olanlar taraf\u0131ndan TRT\u2019de Payitaht dizisine bile konu edildim, %98 oy ald\u0131\u011f\u0131m\u0131z Harran il\u00e7emizde iftarda ve \u015eanl\u0131urfa havaalan\u0131nda V\u0130P\u2019te Cumhurba\u015fkan\u0131m\u0131z\u0131n \u00f6n\u00fcnde hain tezgahlara muhatap b\u0131rak\u0131ld\u0131m. Bu i\u015fleri yapanlar d\u0131\u015far\u0131dan de\u011fildi. Bu tezgah\u0131 kuranlar\u0131 biliyorum. Dava sahibi olmak; SABRETMEY\u0130, L\u0130DERE G\u00dcVENMEY\u0130, HAKKIN GAL\u0130P GELECE\u011e\u0130NE \u0130NANMAYI GEREKT\u0130R\u0130R, \u015fikayeti ve m\u00fcdahale edin demeyi de\u011fil&#8221; ifadelerini kulland\u0131.<\/p>\n<blockquote class=\"twitter-tweet\" data-width=\"500\" data-dnt=\"true\">\n<p lang=\"tr\" dir=\"ltr\">Siyasetin do\u011fas\u0131nda g\u00f6revlerden ayr\u0131lmak da vard\u0131r. <\/p>\n<p>G\u00f6revden ayr\u0131ld\u0131\u011f\u0131n\u0131zda sizi hay\u0131rla ananlardan \u00e7ok sizi ele\u015ftirenler  g\u00f6ze batar. <\/p>\n<p>Her siyaset\u00e7i bunu ya\u015fam\u0131\u015ft\u0131r, ya\u015fayacakt\u0131r. S\u0131rayla bunlar. <\/p>\n<p>Mesele, \u00f6venlere g\u00f6sterece\u011finiz memnuniyet de\u011fil, ele\u015ftirenlere  kar\u015f\u0131\u2026<\/p>\n<p>&mdash; Faruk \u00c7elik (@farukcelikcomtr) <a href=\"https:\/\/twitter.com\/farukcelikcomtr\/status\/1728094869548073070?ref_src=twsrc%5Etfw\" rel=\"nofollow noopener\" target=\"_blank\">November 24, 2023<\/a><\/p><\/blockquote>\n<p><script async src=\"https:\/\/platform.twitter.com\/widgets.js\" charset=\"utf-8\"><\/script><\/p>\n<p>&nbsp;<\/p>\n","protected":false},"excerpt":{"rendered":"<p>(The Turkish Post) &#8211;\u00a0AK Parti Artvin Milletvekili Faruk \u00c7elik, partisinin i\u00e7indeki ki\u015filerin kendisine Cumhurba\u015fkan\u0131 Recep Tayyip Erdo\u011fan&#8217;\u0131n \u00f6n\u00fcnde &#8220;hain tuzaklar kurdu\u011funu&#8221; s\u00f6yledi. Sosyal medya hesab\u0131ndan yapt\u0131\u011f\u0131 payla\u015f\u0131mda &#8220;Siyasetin do\u011fas\u0131nda g\u00f6revlerden ayr\u0131lmak da vard\u0131r. G\u00f6revden ayr\u0131ld\u0131\u011f\u0131n\u0131zda sizi hay\u0131rla ananlardan \u00e7ok sizi ele\u015ftirenler g\u00f6ze batar. Her siyaset\u00e7i bunu ya\u015fam\u0131\u015ft\u0131r, ya\u015fayacakt\u0131r. S\u0131rayla bunlar. Mesele, \u00f6venlere g\u00f6sterece\u011finiz memnuniyet de\u011fil, [&hellip;]<\/p>\n","protected":false},"author":2,"featured_media":42505,"comment_status":"open","ping_status":"open","sticky":false,"template":"","format":"standard","meta":{"_acf_changed":false,"jnews-multi-image_gallery":[],"jnews_single_post":{"source_name":"","source_url":"","via_name":"","via_url":"","override_template":"0","override":[{"template":"1","single_blog_custom":"","parallax":"1","fullscreen":"1","layout":"right-sidebar","sidebar":"default-sidebar","second_sidebar":"default-sidebar","sticky_sidebar":"1","share_position":"topbottom","share_float_style":"share-monocrhome","show_share_counter":"0","show_view_counter":"0","show_featured":"1","show_post_meta":"1","show_post_author":"0","show_post_author_image":"1","show_post_date":"1","post_date_format":"default","post_date_format_custom":"Y\/m\/d","show_post_category":"0","show_post_reading_time":"1","post_reading_time_wpm":"300","show_zoom_button":"1","zoom_button_out_step":"4","zoom_button_in_step":"4","show_post_tag":"1","show_prev_next_post":"0","show_popup_post":"1","number_popup_post":"2","show_author_box":"1","show_post_related":"1","show_inline_post_related":"0"}],"override_image_size":"0","image_override":[{"single_post_thumbnail_size":"crop-715","single_post_gallery_size":"crop-500"}],"trending_post":"0","trending_post_position":"meta","trending_post_label":"Trending","sponsored_post":"0","sponsored_post_label":"Sponsored by","sponsored_post_name":"","sponsored_post_url":"","sponsored_post_logo_enable":"0","sponsored_post_logo":"","sponsored_post_desc":"","disable_ad":"0"},"jnews_primary_category":{"id":"4","hide":""},"jnews_override_bookmark_settings":{"override_bookmark_button":"0","override_show_bookmark_button":"0"},"jnews_social_meta":{"fb_title":"","fb_description":"","fb_image":"","twitter_title":"","twitter_description":"","twitter_image":""},"jnews_override_counter":{"override_view_counter":"0","view_counter_number":"0","override_share_counter":"0","share_counter_number":"0","override_like_counter":"0","like_counter_number":"0","override_dislike_counter":"0","dislike_counter_number":"0"},"footnotes":""},"categories":[4,1],"tags":[9773,315],"class_list":["post-42499","post","type-post","status-publish","format-standard","has-post-thumbnail","hentry","category-gundem","category-son-haberler","tag-faruk-celik","tag-ust-manset"],"acf":[],"_links":{"self":[{"href":"https:\/\/www.turkishpost.net\/ar\/wp-json\/wp\/v2\/posts\/42499","targetHints":{"allow":["GET"]}}],"collection":[{"href":"https:\/\/www.turkishpost.net\/ar\/wp-json\/wp\/v2\/posts"}],"about":[{"href":"https:\/\/www.turkishpost.net\/ar\/wp-json\/wp\/v2\/types\/post"}],"author":[{"embeddable":true,"href":"https:\/\/www.turkishpost.net\/ar\/wp-json\/wp\/v2\/users\/2"}],"replies":[{"embeddable":true,"href":"https:\/\/www.turkishpost.net\/ar\/wp-json\/wp\/v2\/comments?post=42499"}],"version-history":[{"count":0,"href":"https:\/\/www.turkishpost.net\/ar\/wp-json\/wp\/v2\/posts\/42499\/revisions"}],"wp:featuredmedia":[{"embeddable":true,"href":"https:\/\/www.turkishpost.net\/ar\/wp-json\/wp\/v2\/media\/42505"}],"wp:attachment":[{"href":"https:\/\/www.turkishpost.net\/ar\/wp-json\/wp\/v2\/media?parent=42499"}],"wp:term":[{"taxonomy":"category","embeddable":true,"href":"https:\/\/www.turkishpost.net\/ar\/wp-json\/wp\/v2\/categories?post=42499"},{"taxonomy":"post_tag","embeddable":true,"href":"https:\/\/www.turkishpost.net\/ar\/wp-json\/wp\/v2\/tags?post=42499"}],"curies":[{"name":"wp","href":"https:\/\/api.w.org\/{rel}","templated":true}]}}