{"id":42349,"date":"2023-11-24T11:52:04","date_gmt":"2023-11-24T08:52:04","guid":{"rendered":"https:\/\/www.turkishpost.net\/ar\/?p=42349"},"modified":"2023-11-24T11:52:04","modified_gmt":"2023-11-24T08:52:04","slug":"irlandada-sokaklar-karisti","status":"publish","type":"post","link":"https:\/\/www.turkishpost.net\/ar\/irlandada-sokaklar-karisti\/","title":{"rendered":"\u0130rlanda&#8217;da sokaklar kar\u0131\u015ft\u0131"},"content":{"rendered":"<p><strong>(The Turkish Post) &#8211;<\/strong> \u0130rlanda\u2019n\u0131n ba\u015fkenti Dublin\u2019de ya\u015fanan bir b\u0131\u00e7akl\u0131 sald\u0131r\u0131da \u00fc\u00e7\u00fc \u00e7ocuk, be\u015f ki\u015finin yaralanmas\u0131n\u0131n ard\u0131ndan d\u00fczenlenen g\u00f6sterilerde ara\u00e7lar ate\u015fe verildi, ma\u011fazalar ya\u011fmaland\u0131. Sald\u0131r\u0131da be\u015f ya\u015f\u0131ndaki bir k\u0131z \u00e7ocu\u011fu ve 30\u2019lu ya\u015flar\u0131ndaki bir kad\u0131n a\u011f\u0131r yaralanm\u0131\u015ft\u0131.<\/p>\n<p>Sald\u0131r\u0131, kent merkezindeki Parnell Meydan\u0131\u2019ndaki bir okulun \u00f6n\u00fcnde ya\u015fan\u0131rken, polis 40\u2019l\u0131 ya\u015flar\u0131ndaki a\u011f\u0131r yaral\u0131 bir erke\u011fin soru\u015fturmalar\u0131nda \u00fczerinde durduklar\u0131 bir ki\u015fi oldu\u011funu belirtti.<\/p>\n<p>Polis zanl\u0131n\u0131n milliyeti konusunda bilgi vermezken, BBC&#8217;ye konu\u015fan kaynaklar \u015f\u00fcphelinin, \u0130rlanda vatanda\u015f\u0131 oldu\u011funu s\u00f6yledi.<\/p>\n","protected":false},"excerpt":{"rendered":"<p>(The Turkish Post) &#8211; \u0130rlanda\u2019n\u0131n ba\u015fkenti Dublin\u2019de ya\u015fanan bir b\u0131\u00e7akl\u0131 sald\u0131r\u0131da \u00fc\u00e7\u00fc \u00e7ocuk, be\u015f ki\u015finin yaralanmas\u0131n\u0131n ard\u0131ndan d\u00fczenlenen g\u00f6sterilerde ara\u00e7lar ate\u015fe verildi, ma\u011fazalar ya\u011fmaland\u0131. Sald\u0131r\u0131da be\u015f ya\u015f\u0131ndaki bir k\u0131z \u00e7ocu\u011fu ve 30\u2019lu ya\u015flar\u0131ndaki bir kad\u0131n a\u011f\u0131r yaralanm\u0131\u015ft\u0131. Sald\u0131r\u0131, kent merkezindeki Parnell Meydan\u0131\u2019ndaki bir okulun \u00f6n\u00fcnde ya\u015fan\u0131rken, polis 40\u2019l\u0131 ya\u015flar\u0131ndaki a\u011f\u0131r yaral\u0131 bir erke\u011fin soru\u015fturmalar\u0131nda \u00fczerinde [&hellip;]<\/p>\n","protected":false},"author":8,"featured_media":42350,"comment_status":"open","ping_status":"open","sticky":false,"template":"","format":"standard","meta":{"_acf_changed":false,"jnews-multi-image_gallery":[],"jnews_single_post":{"source_name":"BBC","source_url":"https:\/\/www.bbc.com\/turkce\/articles\/crgpxeepg2do","via_name":"","via_url":"","override_template":"0","override":[{"template":"1","single_blog_custom":"","parallax":"1","fullscreen":"1","layout":"right-sidebar","sidebar":"default-sidebar","second_sidebar":"default-sidebar","sticky_sidebar":"1","share_position":"topbottom","share_float_style":"share-monocrhome","show_share_counter":"0","show_view_counter":"0","show_featured":"1","show_post_meta":"1","show_post_author":"0","show_post_author_image":"1","show_post_date":"1","post_date_format":"default","post_date_format_custom":"Y\/m\/d","show_post_category":"0","show_post_reading_time":"1","post_reading_time_wpm":"300","show_zoom_button":"1","zoom_button_out_step":"4","zoom_button_in_step":"4","show_post_tag":"1","show_prev_next_post":"0","show_popup_post":"1","number_popup_post":"2","show_author_box":"1","show_post_related":"1","show_inline_post_related":"0"}],"override_image_size":"0","image_override":[{"single_post_thumbnail_size":"crop-715","single_post_gallery_size":"crop-500"}],"trending_post":"0","trending_post_position":"meta","trending_post_label":"Trending","sponsored_post":"0","sponsored_post_label":"Sponsored by","sponsored_post_name":"","sponsored_post_url":"","sponsored_post_logo_enable":"0","sponsored_post_logo":"","sponsored_post_desc":"","disable_ad":"0"},"jnews_primary_category":{"id":"4","hide":""},"jnews_override_bookmark_settings":{"override_bookmark_button":"0","override_show_bookmark_button":"0"},"jnews_social_meta":{"fb_title":"","fb_description":"","fb_image":"","twitter_title":"","twitter_description":"","twitter_image":""},"jnews_override_counter":{"override_view_counter":"0","view_counter_number":"0","override_share_counter":"0","share_counter_number":"0","override_like_counter":"0","like_counter_number":"0","override_dislike_counter":"0","dislike_counter_number":"0"},"footnotes":""},"categories":[4,1],"tags":[9735,9737,1422,9736],"class_list":["post-42349","post","type-post","status-publish","format-standard","has-post-thumbnail","hentry","category-gundem","category-son-haberler","tag-dublin","tag-olaylari","tag-slider-manset","tag-sokak"],"acf":[],"_links":{"self":[{"href":"https:\/\/www.turkishpost.net\/ar\/wp-json\/wp\/v2\/posts\/42349","targetHints":{"allow":["GET"]}}],"collection":[{"href":"https:\/\/www.turkishpost.net\/ar\/wp-json\/wp\/v2\/posts"}],"about":[{"href":"https:\/\/www.turkishpost.net\/ar\/wp-json\/wp\/v2\/types\/post"}],"author":[{"embeddable":true,"href":"https:\/\/www.turkishpost.net\/ar\/wp-json\/wp\/v2\/users\/8"}],"replies":[{"embeddable":true,"href":"https:\/\/www.turkishpost.net\/ar\/wp-json\/wp\/v2\/comments?post=42349"}],"version-history":[{"count":0,"href":"https:\/\/www.turkishpost.net\/ar\/wp-json\/wp\/v2\/posts\/42349\/revisions"}],"wp:featuredmedia":[{"embeddable":true,"href":"https:\/\/www.turkishpost.net\/ar\/wp-json\/wp\/v2\/media\/42350"}],"wp:attachment":[{"href":"https:\/\/www.turkishpost.net\/ar\/wp-json\/wp\/v2\/media?parent=42349"}],"wp:term":[{"taxonomy":"category","embeddable":true,"href":"https:\/\/www.turkishpost.net\/ar\/wp-json\/wp\/v2\/categories?post=42349"},{"taxonomy":"post_tag","embeddable":true,"href":"https:\/\/www.turkishpost.net\/ar\/wp-json\/wp\/v2\/tags?post=42349"}],"curies":[{"name":"wp","href":"https:\/\/api.w.org\/{rel}","templated":true}]}}