{"id":4154,"date":"2023-03-22T15:48:41","date_gmt":"2023-03-22T12:48:41","guid":{"rendered":"https:\/\/www.turkishpost.net\/ar\/?p=4154"},"modified":"2023-04-13T16:50:42","modified_gmt":"2023-04-13T13:50:42","slug":"mesut-ozil-futbolu-birakti","status":"publish","type":"post","link":"https:\/\/www.turkishpost.net\/ar\/mesut-ozil-futbolu-birakti\/","title":{"rendered":"Mesut \u00d6zil futbolu b\u0131rakt\u0131"},"content":{"rendered":"<p><strong>(The Turkish Post) &#8211;<\/strong> 35 ya\u015f\u0131ndaki Mesut \u00d6zil, ki\u015fisel sosyal medya hesab\u0131ndan Real Madrid formas\u0131yla yapt\u0131\u011f\u0131 payla\u015f\u0131mda futbola veda etti\u011fini \u015f\u00f6yle a\u00e7\u0131klad\u0131:<\/p>\n<p>&#8220;Uzunca bir s\u00fcre d\u00fc\u015f\u00fcnd\u00fckten sonra profesyonel futboldan emekli oldu\u011fumu duyuruyorum. 17 y\u0131l s\u00fcren ayr\u0131cal\u0131kl\u0131 profesyonel futbol hayat\u0131m oldu ve bu f\u0131rsat i\u00e7in inan\u0131lmaz \u015fansl\u0131y\u0131m. Son aylar ve haftalarda baz\u0131 sakatl\u0131klar\u0131n ard\u0131ndan emeklilik karar\u0131n\u0131 vermem a\u00e7\u0131k hale geldi.<\/p>\n<p>Unutulmaz hat\u0131ralar ve duygularla y\u00fckl\u00fc harika bir yolculuktu. Schalke 04, Werder Bremen, Real Madrid, Arsenal, Fenerbah\u00e7e ve Ba\u015fak\u015fehir&#8217;e, beni destekleyen tak\u0131m arkada\u015flar\u0131ma te\u015fekk\u00fcr ederim. Aile \u00fcyelerime ve yak\u0131n arkada\u015flar\u0131ma \u00f6zel te\u015fekk\u00fcr ederim. Bu yolculukta hayat\u0131m\u0131n bir par\u00e7as\u0131 oldular.<\/p>\n<p>E\u015fim ve \u00e7ocuklar\u0131mla \u00f6n\u00fcmdeki gelece\u011fe bak\u0131yorum. Zaman zaman sosyal medya kanallar\u0131mda benden duyacaks\u0131n\u0131z. Yak\u0131nda g\u00f6r\u00fc\u015f\u00fcr\u00fcz.&#8221;<\/p>\n<blockquote class=\"twitter-tweet\" data-width=\"500\" data-dnt=\"true\">\n<p lang=\"en\" dir=\"ltr\">Thank you \u2764\ufe0f <a href=\"https:\/\/t.co\/Aqr4pB5SI2\" rel=\"nofollow\">pic.twitter.com\/Aqr4pB5SI2<\/a><\/p>\n<p>&mdash; Mesut \u00d6zil (@M10) <a href=\"https:\/\/twitter.com\/M10\/status\/1638498659640791040?ref_src=twsrc%5Etfw\" rel=\"nofollow noopener\" target=\"_blank\">March 22, 2023<\/a><\/p><\/blockquote>\n<p><script async src=\"https:\/\/platform.twitter.com\/widgets.js\" charset=\"utf-8\"><\/script><\/p>\n","protected":false},"excerpt":{"rendered":"<p>(The Turkish Post) &#8211; 35 ya\u015f\u0131ndaki Mesut \u00d6zil, ki\u015fisel sosyal medya hesab\u0131ndan Real Madrid formas\u0131yla yapt\u0131\u011f\u0131 payla\u015f\u0131mda futbola veda etti\u011fini \u015f\u00f6yle a\u00e7\u0131klad\u0131: &#8220;Uzunca bir s\u00fcre d\u00fc\u015f\u00fcnd\u00fckten sonra profesyonel futboldan emekli oldu\u011fumu duyuruyorum. 17 y\u0131l s\u00fcren ayr\u0131cal\u0131kl\u0131 profesyonel futbol hayat\u0131m oldu ve bu f\u0131rsat i\u00e7in inan\u0131lmaz \u015fansl\u0131y\u0131m. Son aylar ve haftalarda baz\u0131 sakatl\u0131klar\u0131n ard\u0131ndan emeklilik karar\u0131n\u0131 [&hellip;]<\/p>\n","protected":false},"author":2,"featured_media":4155,"comment_status":"open","ping_status":"open","sticky":false,"template":"","format":"standard","meta":{"_acf_changed":false,"jnews-multi-image_gallery":[],"jnews_single_post":{"source_name":"Gazete Duvar","source_url":"https:\/\/www.gazeteduvar.com.tr\/mesut-ozil-futbolu-birakti-haber-1609519","via_name":"","via_url":"","override_template":"0","override":[{"template":"1","single_blog_custom":"","parallax":"1","fullscreen":"1","layout":"right-sidebar","sidebar":"default-sidebar","second_sidebar":"default-sidebar","sticky_sidebar":"1","share_position":"topbottom","share_float_style":"share-monocrhome","show_share_counter":"1","show_view_counter":"1","show_featured":"1","show_post_meta":"1","show_post_author":"0","show_post_author_image":"1","show_post_date":"1","post_date_format":"default","post_date_format_custom":"Y\/m\/d","show_post_category":"0","show_post_reading_time":"1","post_reading_time_wpm":"300","show_zoom_button":"1","zoom_button_out_step":"4","zoom_button_in_step":"4","show_post_tag":"1","show_prev_next_post":"0","show_popup_post":"1","number_popup_post":"2","show_author_box":"1","show_post_related":"1","show_inline_post_related":"0"}],"override_image_size":"0","image_override":[{"single_post_thumbnail_size":"crop-715","single_post_gallery_size":"crop-500"}],"trending_post":"0","trending_post_position":"meta","trending_post_label":"Trending","sponsored_post":"0","sponsored_post_label":"Sponsored by","sponsored_post_name":"","sponsored_post_url":"","sponsored_post_logo_enable":"0","sponsored_post_logo":"","sponsored_post_desc":"","disable_ad":"0"},"jnews_primary_category":{"id":"7","hide":"54"},"jnews_override_bookmark_settings":{"override_bookmark_button":"0","override_show_bookmark_button":"0"},"jnews_social_meta":{"fb_title":"","fb_description":"","fb_image":"","twitter_title":"","twitter_description":"","twitter_image":""},"jnews_override_counter":{"override_view_counter":"0","view_counter_number":"0","override_share_counter":"0","share_counter_number":"0","override_like_counter":"0","like_counter_number":"0","override_dislike_counter":"0","dislike_counter_number":"0"},"footnotes":""},"categories":[1,7],"tags":[716,715],"class_list":["post-4154","post","type-post","status-publish","format-standard","has-post-thumbnail","hentry","category-son-haberler","category-spor","tag-futbolu-birakti","tag-mesut-ozil"],"acf":[],"_links":{"self":[{"href":"https:\/\/www.turkishpost.net\/ar\/wp-json\/wp\/v2\/posts\/4154","targetHints":{"allow":["GET"]}}],"collection":[{"href":"https:\/\/www.turkishpost.net\/ar\/wp-json\/wp\/v2\/posts"}],"about":[{"href":"https:\/\/www.turkishpost.net\/ar\/wp-json\/wp\/v2\/types\/post"}],"author":[{"embeddable":true,"href":"https:\/\/www.turkishpost.net\/ar\/wp-json\/wp\/v2\/users\/2"}],"replies":[{"embeddable":true,"href":"https:\/\/www.turkishpost.net\/ar\/wp-json\/wp\/v2\/comments?post=4154"}],"version-history":[{"count":0,"href":"https:\/\/www.turkishpost.net\/ar\/wp-json\/wp\/v2\/posts\/4154\/revisions"}],"wp:featuredmedia":[{"embeddable":true,"href":"https:\/\/www.turkishpost.net\/ar\/wp-json\/wp\/v2\/media\/4155"}],"wp:attachment":[{"href":"https:\/\/www.turkishpost.net\/ar\/wp-json\/wp\/v2\/media?parent=4154"}],"wp:term":[{"taxonomy":"category","embeddable":true,"href":"https:\/\/www.turkishpost.net\/ar\/wp-json\/wp\/v2\/categories?post=4154"},{"taxonomy":"post_tag","embeddable":true,"href":"https:\/\/www.turkishpost.net\/ar\/wp-json\/wp\/v2\/tags?post=4154"}],"curies":[{"name":"wp","href":"https:\/\/api.w.org\/{rel}","templated":true}]}}