{"id":31520,"date":"2023-10-06T13:24:36","date_gmt":"2023-10-06T10:24:36","guid":{"rendered":"https:\/\/www.turkishpost.net\/ar\/?p=31520"},"modified":"2023-10-07T10:58:55","modified_gmt":"2023-10-07T07:58:55","slug":"2023-nobel-baris-odulu-iranli-narges-muhammediye-verildi","status":"publish","type":"post","link":"https:\/\/www.turkishpost.net\/ar\/2023-nobel-baris-odulu-iranli-narges-muhammediye-verildi\/","title":{"rendered":"2023 Nobel Bar\u0131\u015f \u00d6d\u00fcl\u00fc, \u0130ranl\u0131 Narges Muhammedi\u2019ye verildi"},"content":{"rendered":"<p><strong>(The Turkish Post) \u2013 <\/strong>\u0130ranl\u0131 Narges Muhammedi 2023 Nobel Bar\u0131\u015f \u00d6d\u00fcl\u00fc\u2019ne lay\u0131k g\u00f6r\u00fcld\u00fc. Tutuklu Muhammedi, \u0130ran \u0130nsan Haklar\u0131 Merkezi\u2019nin ba\u015fkan yard\u0131mc\u0131s\u0131. Kad\u0131n haklar\u0131 i\u00e7in ve \u00f6l\u00fcm cezas\u0131na kar\u015f\u0131 kampanya y\u00fcr\u00fctt\u00fc\u011f\u00fc i\u00e7in tutukland\u0131.<\/p>\n<p>Nobel Komitesi\u2019nin Oslo\u2019da duyurdu\u011fu gibi, kendisi \u201c\u0130ran\u2019da kad\u0131nlara uygulanan bask\u0131ya kar\u015f\u0131 m\u00fccadelesi ve herkes i\u00e7in insan haklar\u0131 ve \u00f6zg\u00fcrl\u00fcklerine olan ba\u011fl\u0131l\u0131\u011f\u0131 nedeniyle\u201d onurland\u0131r\u0131ld\u0131.<\/p>\n<p>On bir milyon \u0130sve\u00e7 kronu de\u011ferindeki \u00f6d\u00fcl, kurucu Alfred Nobel\u2019in \u00f6l\u00fcm y\u0131ld\u00f6n\u00fcm\u00fc olan 10 Aral\u0131k\u2019ta Oslo\u2019da verilecek.<\/p>\n<p>Muhammedi, \u201cdevlet kar\u015f\u0131t\u0131 propaganda\u201d yapt\u0131\u011f\u0131 s\u00f6ylendi\u011fi i\u00e7in uzun hapis cezas\u0131n\u0131 \u00e7ekiyor.<\/p>\n<p>51 ya\u015f\u0131ndaki kad\u0131n, \u0130ran\u2019da Jina Mahsa Amini\u2019nin vah\u015fice \u00f6ld\u00fcr\u00fclmesinin ard\u0131ndan alevlenen kad\u0131n haklar\u0131 hareketinin ard\u0131ndan hapishanede de protesto g\u00f6sterisi yapt\u0131. 2022\u2019nin sonlar\u0131nda, \u0130ran\u2019\u0131n iktidar ayg\u0131t\u0131na kar\u015f\u0131 \u00fclke \u00e7ap\u0131ndaki ayaklanmalar s\u0131ras\u0131nda, bir rapor, Muhammedi\u2019nin cezaevinde i\u015fkenceye maruz kald\u0131\u011f\u0131n\u0131 da ortaya \u00e7\u0131kard\u0131.<\/p>\n","protected":false},"excerpt":{"rendered":"<p>(The Turkish Post) \u2013 \u0130ranl\u0131 Narges Muhammedi 2023 Nobel Bar\u0131\u015f \u00d6d\u00fcl\u00fc\u2019ne lay\u0131k g\u00f6r\u00fcld\u00fc. Tutuklu Muhammedi, \u0130ran \u0130nsan Haklar\u0131 Merkezi\u2019nin ba\u015fkan yard\u0131mc\u0131s\u0131. Kad\u0131n haklar\u0131 i\u00e7in ve \u00f6l\u00fcm cezas\u0131na kar\u015f\u0131 kampanya y\u00fcr\u00fctt\u00fc\u011f\u00fc i\u00e7in tutukland\u0131. Nobel Komitesi\u2019nin Oslo\u2019da duyurdu\u011fu gibi, kendisi \u201c\u0130ran\u2019da kad\u0131nlara uygulanan bask\u0131ya kar\u015f\u0131 m\u00fccadelesi ve herkes i\u00e7in insan haklar\u0131 ve \u00f6zg\u00fcrl\u00fcklerine olan ba\u011fl\u0131l\u0131\u011f\u0131 nedeniyle\u201d onurland\u0131r\u0131ld\u0131. [&hellip;]<\/p>\n","protected":false},"author":4,"featured_media":31521,"comment_status":"open","ping_status":"open","sticky":false,"template":"","format":"standard","meta":{"_acf_changed":false,"jnews-multi-image_gallery":[],"jnews_single_post":{"source_name":"","source_url":"","via_name":"","via_url":"","override_template":"0","override":[{"template":"1","single_blog_custom":"","parallax":"1","fullscreen":"1","layout":"right-sidebar","sidebar":"default-sidebar","second_sidebar":"default-sidebar","sticky_sidebar":"1","share_position":"topbottom","share_float_style":"share-monocrhome","show_share_counter":"0","show_view_counter":"0","show_featured":"1","show_post_meta":"1","show_post_author":"0","show_post_author_image":"1","show_post_date":"1","post_date_format":"default","post_date_format_custom":"Y\/m\/d","show_post_category":"0","show_post_reading_time":"1","post_reading_time_wpm":"300","show_zoom_button":"1","zoom_button_out_step":"4","zoom_button_in_step":"4","show_post_tag":"1","show_prev_next_post":"0","show_popup_post":"1","number_popup_post":"2","show_author_box":"1","show_post_related":"1","show_inline_post_related":"0"}],"override_image_size":"0","image_override":[{"single_post_thumbnail_size":"crop-715","single_post_gallery_size":"crop-500"}],"trending_post":"0","trending_post_position":"meta","trending_post_label":"Trending","sponsored_post":"0","sponsored_post_label":"Sponsored by","sponsored_post_name":"","sponsored_post_url":"","sponsored_post_logo_enable":"0","sponsored_post_logo":"","sponsored_post_desc":"","disable_ad":"0"},"jnews_primary_category":{"id":"63","hide":""},"jnews_override_bookmark_settings":{"override_bookmark_button":"0","override_show_bookmark_button":"0"},"jnews_social_meta":{"fb_title":"","fb_description":"","fb_image":"","twitter_title":"","twitter_description":"","twitter_image":""},"jnews_override_counter":{"override_view_counter":"0","view_counter_number":"0","override_share_counter":"0","share_counter_number":"0","override_like_counter":"0","like_counter_number":"0","override_dislike_counter":"0","dislike_counter_number":"0"},"footnotes":""},"categories":[63,1],"tags":[8114,8113,1422],"class_list":["post-31520","post","type-post","status-publish","format-standard","has-post-thumbnail","hentry","category-dunya","category-son-haberler","tag-narges-muhammedi","tag-nobel-baris-odulu","tag-slider-manset"],"acf":[],"_links":{"self":[{"href":"https:\/\/www.turkishpost.net\/ar\/wp-json\/wp\/v2\/posts\/31520","targetHints":{"allow":["GET"]}}],"collection":[{"href":"https:\/\/www.turkishpost.net\/ar\/wp-json\/wp\/v2\/posts"}],"about":[{"href":"https:\/\/www.turkishpost.net\/ar\/wp-json\/wp\/v2\/types\/post"}],"author":[{"embeddable":true,"href":"https:\/\/www.turkishpost.net\/ar\/wp-json\/wp\/v2\/users\/4"}],"replies":[{"embeddable":true,"href":"https:\/\/www.turkishpost.net\/ar\/wp-json\/wp\/v2\/comments?post=31520"}],"version-history":[{"count":0,"href":"https:\/\/www.turkishpost.net\/ar\/wp-json\/wp\/v2\/posts\/31520\/revisions"}],"wp:featuredmedia":[{"embeddable":true,"href":"https:\/\/www.turkishpost.net\/ar\/wp-json\/wp\/v2\/media\/31521"}],"wp:attachment":[{"href":"https:\/\/www.turkishpost.net\/ar\/wp-json\/wp\/v2\/media?parent=31520"}],"wp:term":[{"taxonomy":"category","embeddable":true,"href":"https:\/\/www.turkishpost.net\/ar\/wp-json\/wp\/v2\/categories?post=31520"},{"taxonomy":"post_tag","embeddable":true,"href":"https:\/\/www.turkishpost.net\/ar\/wp-json\/wp\/v2\/tags?post=31520"}],"curies":[{"name":"wp","href":"https:\/\/api.w.org\/{rel}","templated":true}]}}