{"id":30564,"date":"2023-10-01T11:33:29","date_gmt":"2023-10-01T08:33:29","guid":{"rendered":"https:\/\/www.turkishpost.net\/ar\/?p=30564"},"modified":"2023-10-01T11:33:29","modified_gmt":"2023-10-01T08:33:29","slug":"irakta-113-kisinin-oldugu-dugunde-evlenen-cift-ilk-kez-konustu-ne-zaman-mutlu-olmak-istesek-trajik-bir-olay-yasaniyor","status":"publish","type":"post","link":"https:\/\/www.turkishpost.net\/ar\/irakta-113-kisinin-oldugu-dugunde-evlenen-cift-ilk-kez-konustu-ne-zaman-mutlu-olmak-istesek-trajik-bir-olay-yasaniyor\/","title":{"rendered":"Irak&#8217;ta 113 ki\u015finin \u00f6ld\u00fc\u011f\u00fc d\u00fc\u011f\u00fcnde evlenen \u00e7ift ilk kez konu\u015ftu: Ne zaman mutlu olmak istesek trajik bir olay ya\u015fan\u0131yor"},"content":{"rendered":"<p><strong>(The Turkish Post) &#8211;<\/strong> Irak&#8217;ta 26 Eyl\u00fcl Sal\u0131 gecesi bir d\u00fc\u011f\u00fcn salonunda \u00e7\u0131kan yang\u0131nda 113 ki\u015fi hayat\u0131n\u0131 kaybetmi\u015f, 150 ki\u015fi de yaralanm\u0131\u015ft\u0131. En mutlu g\u00fcnlerinde bu b\u00fcy\u00fck faciayla kar\u015f\u0131la\u015fan \u00e7ift korkun\u00e7 olay\u0131n ard\u0131ndan ilk kez konu\u015ftu. 27 ya\u015f\u0131ndaki damat Revan, &#8220;15 aile \u00fcyemizi kaybettim, e\u015fim de 10 yak\u0131n\u0131n\u0131 kaybetti. E\u015fim konu\u015fam\u0131yor. Art\u0131k burada ya\u015fayamay\u0131z. Ne zaman biraz mutlu olmak istesek trajik bir olay ya\u015fan\u0131yor ve mutlulu\u011fumuzu yok ediyor&#8221; diye konu\u015ftu.<\/p>\n<p>Irak&#8217;\u0131n Musul kentine ba\u011fl\u0131 Hamdaniye il\u00e7esinde 26 Eyl\u00fcl ak\u015fam d\u00fczenlenen d\u00fc\u011f\u00fcnde \u00e7\u0131kan yang\u0131nda 113 insan ya\u015fam\u0131n\u0131 yitirmi\u015f, en az 150 davetli de yaral\u0131 olarak kurtar\u0131lm\u0131\u015ft\u0131.<\/p>\n<p>Irak&#8217;ta 113 ki\u015finin \u00f6ld\u00fc\u011f\u00fc d\u00fc\u011f\u00fcnde evlenen \u00e7ift ilk kez konu\u015ftu: Ne zaman mutlu olmak istesek trajik bir olay ya\u015fan\u0131yor<\/p>\n<p><strong>GEL\u0130N VE DAMAT YA\u015eADIKLARINI ANLATTI<\/strong><\/p>\n<p>Korkun\u00e7 olayla ilgili soru\u015fturma devam ederken en mutlu g\u00fcnlerinde bir faciayla kar\u015f\u0131 kar\u015f\u0131ya kalan \u00e7ift ilk kez konu\u015ftu. \u0130ngiliz Sky News&#8217;e konu\u015fan 27 ya\u015f\u0131ndaki damat Revan ve 18 ya\u015f\u0131ndaki gelin Haneen ya\u015fad\u0131klar\u0131n\u0131 anlatt\u0131.<\/p>\n<p><strong>&#8220;15 A\u0130LE \u00dcYEM\u0130Z\u0130 KAYBETT\u0130M&#8221;<\/strong><\/p>\n<p>Gen\u00e7 \u00e7ift, i\u00e7lerinin \u00f6ld\u00fc\u011f\u00fcn\u00fc s\u00f6ylerken gelinin annesi ve a\u011fabeyinin \u00f6ld\u00fc\u011f\u00fc, babas\u0131n\u0131n ise yo\u011fun bak\u0131mda tedavi alt\u0131nda oldu\u011fu kaydedildi. Bir trajediyle sonlanan d\u00fc\u011f\u00fcn\u00fc d\u00fczenleyen Revan, &#8220;15 aile \u00fcyemizi kaybettim. Haneen de 10 yak\u0131n\u0131n\u0131 kaybetti. E\u015fim konu\u015fam\u0131yor&#8221; ifadesini kulland\u0131.<\/p>\n<p>Irak&#8217;ta 113 ki\u015finin \u00f6ld\u00fc\u011f\u00fc d\u00fc\u011f\u00fcnde evlenen \u00e7ift ilk kez konu\u015ftu: Ne zaman mutlu olmak istesek trajik bir olay ya\u015fan\u0131yorGelin ve damat, d\u00fc\u011f\u00fcnde b\u00f6yle poz vermi\u015fti.<\/p>\n<p><strong>&#8220;NE ZAMAN B\u0130RAZ MUTLU OLMAK \u0130STESEK TRAJ\u0130K B\u0130R OLAY YA\u015eANIYOR&#8221;<\/strong><\/p>\n<p>Revan, &#8220;Bu kadar, art\u0131k burada ya\u015fayamay\u0131z. Ne zaman biraz mutlu olmak istesek trajik bir olay ya\u015fan\u0131yor ve mutlulu\u011fumuzu yok ediyor. En iyisi b\u0131rakmak. Evet burada oturuyoruz ve hayattay\u0131z ama i\u00e7imiz hissizle\u015fti. \u0130\u00e7imiz \u00f6ld\u00fc&#8221; dedi.<\/p>\n<p><strong>&#8220;TAVAN B\u0130RKA\u00c7 SAN\u0130YE \u0130\u00c7\u0130NDE ER\u0130D\u0130&#8221;<\/strong><\/p>\n<p>Revan, &#8220;Yang\u0131n\u0131n tavandan \u00e7\u0131kt\u0131\u011f\u0131n\u0131 d\u00fc\u015f\u00fcn\u00fcyorum. Bir k\u0131sa devre olmu\u015f olabilir bilmiyorum. Tavandan ba\u015flad\u0131 ve biz s\u0131cakl\u0131\u011f\u0131 hissettik. Tavan birka\u00e7 saniye i\u00e7inde eridi&#8221; dedi. Yang\u0131n\u0131 fark edince gelinlik i\u00e7indeki e\u015fini al\u0131p mutfak kap\u0131s\u0131ndan girdiklerini s\u00f6yleyen Revan, bu s\u0131rada mekandan ka\u00e7maya \u00e7al\u0131\u015fanlar\u0131n e\u015finin baca\u011f\u0131n\u0131 ezdi\u011fini s\u00f6yledi.<\/p>\n<p>Irak&#8217;ta 113 ki\u015finin \u00f6ld\u00fc\u011f\u00fc d\u00fc\u011f\u00fcnde evlenen \u00e7ift ilk kez konu\u015ftu: Ne zaman mutlu olmak istesek trajik bir olay ya\u015fan\u0131yor<\/p>\n<p><strong>&#8220;TEK B\u0130R YANGIN S\u00d6ND\u00dcRME T\u00dcP\u00dc VARDI AMA \u00c7ALI\u015eMIYORDU&#8221;<\/strong><\/p>\n<p>S\u00f6zc\u00fc&#8217;de yer alan habere g\u00f6re Revan, mekanda tek bir yang\u0131n s\u00f6nd\u00fcrme t\u00fcp\u00fc oldu\u011funu ve onun da \u00e7al\u0131\u015fmad\u0131\u011f\u0131n\u0131 belirtti. Revan, &#8220;Akrabalar\u0131m\u0131z, dostlar\u0131m\u0131z, sevdiklerimiz gitti. \u0130ki g\u00fcn \u00f6nce Haneen&#8217;in amcas\u0131n\u0131 ve iki k\u0131z\u0131n\u0131 g\u00f6md\u00fck. D\u00fcn onun di\u011fer amcas\u0131n\u0131 g\u00f6md\u00fck. Bug\u00fcn onun karde\u015fi ve annesini g\u00f6md\u00fck&#8221; dedi.<\/p>\n","protected":false},"excerpt":{"rendered":"<p>(The Turkish Post) &#8211; Irak&#8217;ta 26 Eyl\u00fcl Sal\u0131 gecesi bir d\u00fc\u011f\u00fcn salonunda \u00e7\u0131kan yang\u0131nda 113 ki\u015fi hayat\u0131n\u0131 kaybetmi\u015f, 150 ki\u015fi de yaralanm\u0131\u015ft\u0131. En mutlu g\u00fcnlerinde bu b\u00fcy\u00fck faciayla kar\u015f\u0131la\u015fan \u00e7ift korkun\u00e7 olay\u0131n ard\u0131ndan ilk kez konu\u015ftu. 27 ya\u015f\u0131ndaki damat Revan, &#8220;15 aile \u00fcyemizi kaybettim, e\u015fim de 10 yak\u0131n\u0131n\u0131 kaybetti. E\u015fim konu\u015fam\u0131yor. Art\u0131k burada ya\u015fayamay\u0131z. Ne [&hellip;]<\/p>\n","protected":false},"author":9,"featured_media":30566,"comment_status":"open","ping_status":"open","sticky":false,"template":"","format":"standard","meta":{"_acf_changed":false,"jnews-multi-image_gallery":[],"jnews_single_post":{"source_name":"Haberler","source_url":"https:\/\/www.haberler.com\/dunya\/irak-ta-113-kisinin-oldugu-dugunde-evlenen-cift-16385546-haberi\/","via_name":"","via_url":"","override_template":"0","override":[{"template":"1","single_blog_custom":"","parallax":"1","fullscreen":"1","layout":"right-sidebar","sidebar":"default-sidebar","second_sidebar":"default-sidebar","sticky_sidebar":"1","share_position":"topbottom","share_float_style":"share-monocrhome","show_share_counter":"0","show_view_counter":"0","show_featured":"1","show_post_meta":"1","show_post_author":"0","show_post_author_image":"1","show_post_date":"1","post_date_format":"default","post_date_format_custom":"Y\/m\/d","show_post_category":"0","show_post_reading_time":"1","post_reading_time_wpm":"300","show_zoom_button":"1","zoom_button_out_step":"4","zoom_button_in_step":"4","show_post_tag":"1","show_prev_next_post":"0","show_popup_post":"1","number_popup_post":"2","show_author_box":"1","show_post_related":"1","show_inline_post_related":"0"}],"override_image_size":"0","image_override":[{"single_post_thumbnail_size":"crop-715","single_post_gallery_size":"crop-500"}],"trending_post":"0","trending_post_position":"meta","trending_post_label":"Trending","sponsored_post":"0","sponsored_post_label":"Sponsored by","sponsored_post_name":"","sponsored_post_url":"","sponsored_post_logo_enable":"0","sponsored_post_logo":"","sponsored_post_desc":"","disable_ad":"0"},"jnews_primary_category":{"id":"63","hide":""},"jnews_override_bookmark_settings":{"override_bookmark_button":"0","override_show_bookmark_button":"0"},"jnews_social_meta":{"fb_title":"","fb_description":"","fb_image":"","twitter_title":"","twitter_description":"","twitter_image":""},"jnews_override_counter":{"override_view_counter":"0","view_counter_number":"0","override_share_counter":"0","share_counter_number":"0","override_like_counter":"0","like_counter_number":"0","override_dislike_counter":"0","dislike_counter_number":"0"},"footnotes":""},"categories":[63,1],"tags":[7925,7926,792,1422],"class_list":["post-30564","post","type-post","status-publish","format-standard","has-post-thumbnail","hentry","category-dunya","category-son-haberler","tag-dugunde-yangin","tag-gelin-ve-damat","tag-irak","tag-slider-manset"],"acf":[],"_links":{"self":[{"href":"https:\/\/www.turkishpost.net\/ar\/wp-json\/wp\/v2\/posts\/30564","targetHints":{"allow":["GET"]}}],"collection":[{"href":"https:\/\/www.turkishpost.net\/ar\/wp-json\/wp\/v2\/posts"}],"about":[{"href":"https:\/\/www.turkishpost.net\/ar\/wp-json\/wp\/v2\/types\/post"}],"author":[{"embeddable":true,"href":"https:\/\/www.turkishpost.net\/ar\/wp-json\/wp\/v2\/users\/9"}],"replies":[{"embeddable":true,"href":"https:\/\/www.turkishpost.net\/ar\/wp-json\/wp\/v2\/comments?post=30564"}],"version-history":[{"count":0,"href":"https:\/\/www.turkishpost.net\/ar\/wp-json\/wp\/v2\/posts\/30564\/revisions"}],"wp:featuredmedia":[{"embeddable":true,"href":"https:\/\/www.turkishpost.net\/ar\/wp-json\/wp\/v2\/media\/30566"}],"wp:attachment":[{"href":"https:\/\/www.turkishpost.net\/ar\/wp-json\/wp\/v2\/media?parent=30564"}],"wp:term":[{"taxonomy":"category","embeddable":true,"href":"https:\/\/www.turkishpost.net\/ar\/wp-json\/wp\/v2\/categories?post=30564"},{"taxonomy":"post_tag","embeddable":true,"href":"https:\/\/www.turkishpost.net\/ar\/wp-json\/wp\/v2\/tags?post=30564"}],"curies":[{"name":"wp","href":"https:\/\/api.w.org\/{rel}","templated":true}]}}