{"id":29628,"date":"2023-09-27T10:34:43","date_gmt":"2023-09-27T07:34:43","guid":{"rendered":"https:\/\/www.turkishpost.net\/ar\/?p=29628"},"modified":"2023-09-27T10:34:43","modified_gmt":"2023-09-27T07:34:43","slug":"musulda-bir-dugun-faciaya-donustu-cikan-yanginda-en-az-100-kisi-oldu","status":"publish","type":"post","link":"https:\/\/www.turkishpost.net\/ar\/musulda-bir-dugun-faciaya-donustu-cikan-yanginda-en-az-100-kisi-oldu\/","title":{"rendered":"Musul\u2019da bir d\u00fc\u011f\u00fcn faciaya d\u00f6n\u00fc\u015ft\u00fc: \u00c7\u0131kan yang\u0131nda en az 100 ki\u015fi \u00f6ld\u00fc"},"content":{"rendered":"<p><strong>(The Turkish Post) &#8211;<\/strong> Irak\u2019\u0131n Musul kentinde bir d\u00fc\u011f\u00fcn salonunda \u00e7\u0131kan yang\u0131nda en az 100 ki\u015fi hayat\u0131n\u0131 kaybetti, y\u00fczlerce ki\u015fi de yaraland\u0131. Hayat\u0131n\u0131 kaybedenler aras\u0131nda gelin ve damat da bulunuyor.<\/p>\n<p>Olay, Musul\u2019un Hamdaniye il\u00e7esinde ya\u015fand\u0131. Musul Sa\u011fl\u0131k Dairesi M\u00fcd\u00fcr Yard\u0131mc\u0131s\u0131 Ahmed Hamdani yerel medyaya yapt\u0131\u011f\u0131 a\u00e7\u0131klamada, Musul\u2019un Hamdaniye il\u00e7esinde d\u00fc\u011f\u00fcn salonundaki yang\u0131nda 100 ki\u015finin \u00f6ld\u00fc\u011f\u00fcn\u00fc 500 ki\u015finin yaraland\u0131\u011f\u0131n\u0131 s\u00f6yledi.<\/p>\n<p>Yang\u0131na neyin sebep oldu\u011fu hen\u00fcz belli olmasa da, ilk belirlemeler yang\u0131n\u0131n havai fi\u015feklerin yak\u0131lmas\u0131ndan sonra \u00e7\u0131kt\u0131\u011f\u0131n\u0131 g\u00f6sterdi. Yetkililer, d\u00fc\u011f\u00fcn salonundaki yan\u0131c\u0131 panellerin alevleri k\u00f6r\u00fcklemi\u015f olabilece\u011fini s\u00f6yledi.<\/p>\n<p>Yang\u0131n b\u00f6lgesine \u00e7evre illerden \u00e7ok say\u0131da itfaiye ekibi ve ambulans sevk edilirken, \u0130\u00e7i\u015fleri Bakan\u0131 Abdulemir \u015eammari\u2019nin de b\u00f6lgeye gidece\u011fi duyuruldu.<\/p>\n<p>Gelin ve damad\u0131n dans etti\u011fi esnada \u00e7\u0131kan yang\u0131n g\u00f6r\u00fcnt\u00fcleri sosyal medyaya da yans\u0131d\u0131. G\u00f6r\u00fcnt\u00fclerde insanlar\u0131n panik i\u00e7inde ko\u015fu\u015fturduklar\u0131 g\u00f6r\u00fcl\u00fcyor.<\/p>\n<p>Reuters muhabirinin olay yerinde \u00e7ekti\u011fi videoda, itfaiyecilerin binan\u0131n k\u00f6m\u00fcrle\u015fmi\u015f enkaz\u0131 \u00fczerinde t\u0131rman\u0131rken ve yanan kal\u0131nt\u0131lar \u00fczerinde \u0131\u015f\u0131klar yakarken g\u00f6r\u00fcl\u00fcyor.<\/p>\n","protected":false},"excerpt":{"rendered":"<p>(The Turkish Post) &#8211; Irak\u2019\u0131n Musul kentinde bir d\u00fc\u011f\u00fcn salonunda \u00e7\u0131kan yang\u0131nda en az 100 ki\u015fi hayat\u0131n\u0131 kaybetti, y\u00fczlerce ki\u015fi de yaraland\u0131. Hayat\u0131n\u0131 kaybedenler aras\u0131nda gelin ve damat da bulunuyor. Olay, Musul\u2019un Hamdaniye il\u00e7esinde ya\u015fand\u0131. Musul Sa\u011fl\u0131k Dairesi M\u00fcd\u00fcr Yard\u0131mc\u0131s\u0131 Ahmed Hamdani yerel medyaya yapt\u0131\u011f\u0131 a\u00e7\u0131klamada, Musul\u2019un Hamdaniye il\u00e7esinde d\u00fc\u011f\u00fcn salonundaki yang\u0131nda 100 ki\u015finin \u00f6ld\u00fc\u011f\u00fcn\u00fc [&hellip;]<\/p>\n","protected":false},"author":2,"featured_media":29634,"comment_status":"open","ping_status":"open","sticky":false,"template":"","format":"standard","meta":{"_acf_changed":false,"jnews-multi-image_gallery":[],"jnews_single_post":{"source_name":"VOA News","source_url":"https:\/\/www.voaturkce.com\/a\/musulda-bir-dugunde-yangin-en-az-100-olu\/7286671.html","via_name":"","via_url":"","override_template":"0","override":[{"template":"1","single_blog_custom":"","parallax":"1","fullscreen":"1","layout":"right-sidebar","sidebar":"default-sidebar","second_sidebar":"default-sidebar","sticky_sidebar":"1","share_position":"topbottom","share_float_style":"share-monocrhome","show_share_counter":"0","show_view_counter":"0","show_featured":"1","show_post_meta":"1","show_post_author":"0","show_post_author_image":"1","show_post_date":"1","post_date_format":"default","post_date_format_custom":"Y\/m\/d","show_post_category":"0","show_post_reading_time":"1","post_reading_time_wpm":"300","show_zoom_button":"1","zoom_button_out_step":"4","zoom_button_in_step":"4","show_post_tag":"1","show_prev_next_post":"0","show_popup_post":"1","number_popup_post":"2","show_author_box":"1","show_post_related":"1","show_inline_post_related":"0"}],"override_image_size":"0","image_override":[{"single_post_thumbnail_size":"crop-715","single_post_gallery_size":"crop-500"}],"trending_post":"0","trending_post_position":"meta","trending_post_label":"Trending","sponsored_post":"0","sponsored_post_label":"Sponsored by","sponsored_post_name":"","sponsored_post_url":"","sponsored_post_logo_enable":"0","sponsored_post_logo":"","sponsored_post_desc":"","disable_ad":"0"},"jnews_primary_category":{"id":"63","hide":""},"jnews_override_bookmark_settings":{"override_bookmark_button":"0","override_show_bookmark_button":"0"},"jnews_social_meta":{"fb_title":"","fb_description":"","fb_image":"","twitter_title":"","twitter_description":"","twitter_image":""},"jnews_override_counter":{"override_view_counter":"0","view_counter_number":"0","override_share_counter":"0","share_counter_number":"0","override_like_counter":"0","like_counter_number":"0","override_dislike_counter":"0","dislike_counter_number":"0"},"footnotes":""},"categories":[63,1],"tags":[315],"class_list":["post-29628","post","type-post","status-publish","format-standard","has-post-thumbnail","hentry","category-dunya","category-son-haberler","tag-ust-manset"],"acf":[],"_links":{"self":[{"href":"https:\/\/www.turkishpost.net\/ar\/wp-json\/wp\/v2\/posts\/29628","targetHints":{"allow":["GET"]}}],"collection":[{"href":"https:\/\/www.turkishpost.net\/ar\/wp-json\/wp\/v2\/posts"}],"about":[{"href":"https:\/\/www.turkishpost.net\/ar\/wp-json\/wp\/v2\/types\/post"}],"author":[{"embeddable":true,"href":"https:\/\/www.turkishpost.net\/ar\/wp-json\/wp\/v2\/users\/2"}],"replies":[{"embeddable":true,"href":"https:\/\/www.turkishpost.net\/ar\/wp-json\/wp\/v2\/comments?post=29628"}],"version-history":[{"count":0,"href":"https:\/\/www.turkishpost.net\/ar\/wp-json\/wp\/v2\/posts\/29628\/revisions"}],"wp:featuredmedia":[{"embeddable":true,"href":"https:\/\/www.turkishpost.net\/ar\/wp-json\/wp\/v2\/media\/29634"}],"wp:attachment":[{"href":"https:\/\/www.turkishpost.net\/ar\/wp-json\/wp\/v2\/media?parent=29628"}],"wp:term":[{"taxonomy":"category","embeddable":true,"href":"https:\/\/www.turkishpost.net\/ar\/wp-json\/wp\/v2\/categories?post=29628"},{"taxonomy":"post_tag","embeddable":true,"href":"https:\/\/www.turkishpost.net\/ar\/wp-json\/wp\/v2\/tags?post=29628"}],"curies":[{"name":"wp","href":"https:\/\/api.w.org\/{rel}","templated":true}]}}