{"id":27340,"date":"2023-09-13T13:57:42","date_gmt":"2023-09-13T10:57:42","guid":{"rendered":"https:\/\/www.turkishpost.net\/ar\/?p=27340"},"modified":"2023-09-13T13:57:42","modified_gmt":"2023-09-13T10:57:42","slug":"estonya-basbakanindan-skandal-paylasim-istanbul-yerine-kostantinopolisi-kullandi","status":"publish","type":"post","link":"https:\/\/www.turkishpost.net\/ar\/estonya-basbakanindan-skandal-paylasim-istanbul-yerine-kostantinopolisi-kullandi\/","title":{"rendered":"Estonya Ba\u015fbakan\u0131&#8217;ndan skandal payla\u015f\u0131m: \u0130stanbul yerine Kostantinopolis&#8217;i kulland\u0131"},"content":{"rendered":"<p><strong>(The Turkish Post) &#8211;<\/strong> \u0130stanbul Ortodoks Patrikhanesi Patri\u011fi ve Ba\u015fpsikoposu I. Bartholomeos, Estonya ziyaretinde, Estonya Ba\u015fbakan\u0131 Kaja Kallas ile bir araya geldi. Kallas o anlar\u0131 sosyal medya hesab\u0131nda payla\u015f\u0131rken, metinde &#8220;\u0130stanbul&#8221; yerine &#8220;Kostantinopolis&#8221; yaz\u0131lmas\u0131 tepki toplad\u0131.<\/p>\n<p>Yunanistan bir\u00e7ok kez \u0130stanbul yerine Kostantinopolis diyerek T\u00fcrk milletinin sabr\u0131n\u0131 ve s\u0131n\u0131rlar\u0131n\u0131 zorlam\u0131\u015ft\u0131.<\/p>\n<p>Estonya Ba\u015fbakan\u0131 Kaja Kallas&#8217;tan da tepkiye neden olan benzer bir payla\u015f\u0131m geldi.<\/p>\n<p>\u0130stanbul&#8217;a &#8216;Kostantinopolis&#8217; dedi<\/p>\n<p>\u0130stanbul Ortodoks Patrikhanesi Patri\u011fi ve Ba\u015fpsikoposu I. Bartholomeos, Estonya&#8217;ya ziyaret ger\u00e7ekle\u015ftirdi.<\/p>\n<p>Kallas, I. Bartholomeos&#8217;u Tallin&#8217;de bulunan H\u00fck\u00fcmet Kona\u011f\u0131&#8217;n\u0131n kap\u0131s\u0131nda kar\u015f\u0131lad\u0131 ve o anlar\u0131 video ile sosyal medyadan payla\u015ft\u0131.<\/p>\n<p>Kallas, sosyal medya payla\u015f\u0131m\u0131nda, &#8220;Kostantinopolis Ba\u015fpsikoposu ve Ek\u00fcmenik Patrik Bartholomeos \u015fu anda Estonya&#8217;y\u0131 ziyaret ediyor.&#8221; ifadelerini kulland\u0131.<\/p>\n<p>Estonya Ba\u015fbakan\u0131&#8217;ndan skandal payla\u015f\u0131m: \u0130stanbul yerine Kostantinopolis&#8217;i kulland\u0131<\/p>\n<h4><strong>Tepki toplad\u0131<\/strong><\/h4>\n<p>Kallas&#8217;\u0131n bu s\u00f6zleri \u00fczerine T\u00fcrk vatanda\u015flar\u0131 da sosyal medyadan kendisine tepki g\u00f6sterdi.<\/p>\n<p>Sosyal medyadan gelen tepkilerde, &#8220;Ka\u00e7\u0131nc\u0131 y\u00fczy\u0131lda ya\u015f\u0131yorsun?&#8221;, &#8220;\u0130stanbul demeyi \u00f6\u011freneceksin.&#8221; gibi ifadeler yer ald\u0131.<\/p>\n","protected":false},"excerpt":{"rendered":"<p>(The Turkish Post) &#8211; \u0130stanbul Ortodoks Patrikhanesi Patri\u011fi ve Ba\u015fpsikoposu I. Bartholomeos, Estonya ziyaretinde, Estonya Ba\u015fbakan\u0131 Kaja Kallas ile bir araya geldi. Kallas o anlar\u0131 sosyal medya hesab\u0131nda payla\u015f\u0131rken, metinde &#8220;\u0130stanbul&#8221; yerine &#8220;Kostantinopolis&#8221; yaz\u0131lmas\u0131 tepki toplad\u0131. Yunanistan bir\u00e7ok kez \u0130stanbul yerine Kostantinopolis diyerek T\u00fcrk milletinin sabr\u0131n\u0131 ve s\u0131n\u0131rlar\u0131n\u0131 zorlam\u0131\u015ft\u0131. Estonya Ba\u015fbakan\u0131 Kaja Kallas&#8217;tan da tepkiye [&hellip;]<\/p>\n","protected":false},"author":9,"featured_media":27347,"comment_status":"open","ping_status":"open","sticky":false,"template":"","format":"standard","meta":{"_acf_changed":false,"jnews-multi-image_gallery":[],"jnews_single_post":{"source_name":"ensonhaber","source_url":"https:\/\/www.ensonhaber.com\/dunya\/estonya-basbakanindan-skandal-paylasim-istanbula-yerine-kostantinopolisi-kullandi","via_name":"","via_url":"","override_template":"0","override":[{"template":"1","single_blog_custom":"","parallax":"1","fullscreen":"1","layout":"right-sidebar","sidebar":"default-sidebar","second_sidebar":"default-sidebar","sticky_sidebar":"1","share_position":"topbottom","share_float_style":"share-monocrhome","show_share_counter":"0","show_view_counter":"0","show_featured":"1","show_post_meta":"1","show_post_author":"0","show_post_author_image":"1","show_post_date":"1","post_date_format":"default","post_date_format_custom":"Y\/m\/d","show_post_category":"0","show_post_reading_time":"1","post_reading_time_wpm":"300","show_zoom_button":"1","zoom_button_out_step":"4","zoom_button_in_step":"4","show_post_tag":"1","show_prev_next_post":"0","show_popup_post":"1","number_popup_post":"2","show_author_box":"1","show_post_related":"1","show_inline_post_related":"0"}],"override_image_size":"0","image_override":[{"single_post_thumbnail_size":"crop-715","single_post_gallery_size":"crop-500"}],"trending_post":"0","trending_post_position":"meta","trending_post_label":"Trending","sponsored_post":"0","sponsored_post_label":"Sponsored by","sponsored_post_name":"","sponsored_post_url":"","sponsored_post_logo_enable":"0","sponsored_post_logo":"","sponsored_post_desc":"","disable_ad":"0"},"jnews_primary_category":{"id":"63","hide":""},"jnews_override_bookmark_settings":{"override_bookmark_button":"0","override_show_bookmark_button":"0"},"jnews_social_meta":{"fb_title":"","fb_description":"","fb_image":"","twitter_title":"","twitter_description":"","twitter_image":""},"jnews_override_counter":{"override_view_counter":"0","view_counter_number":"0","override_share_counter":"0","share_counter_number":"0","override_like_counter":"0","like_counter_number":"0","override_dislike_counter":"0","dislike_counter_number":"0"},"footnotes":""},"categories":[63,1],"tags":[1422],"class_list":["post-27340","post","type-post","status-publish","format-standard","has-post-thumbnail","hentry","category-dunya","category-son-haberler","tag-slider-manset"],"acf":[],"_links":{"self":[{"href":"https:\/\/www.turkishpost.net\/ar\/wp-json\/wp\/v2\/posts\/27340","targetHints":{"allow":["GET"]}}],"collection":[{"href":"https:\/\/www.turkishpost.net\/ar\/wp-json\/wp\/v2\/posts"}],"about":[{"href":"https:\/\/www.turkishpost.net\/ar\/wp-json\/wp\/v2\/types\/post"}],"author":[{"embeddable":true,"href":"https:\/\/www.turkishpost.net\/ar\/wp-json\/wp\/v2\/users\/9"}],"replies":[{"embeddable":true,"href":"https:\/\/www.turkishpost.net\/ar\/wp-json\/wp\/v2\/comments?post=27340"}],"version-history":[{"count":0,"href":"https:\/\/www.turkishpost.net\/ar\/wp-json\/wp\/v2\/posts\/27340\/revisions"}],"wp:featuredmedia":[{"embeddable":true,"href":"https:\/\/www.turkishpost.net\/ar\/wp-json\/wp\/v2\/media\/27347"}],"wp:attachment":[{"href":"https:\/\/www.turkishpost.net\/ar\/wp-json\/wp\/v2\/media?parent=27340"}],"wp:term":[{"taxonomy":"category","embeddable":true,"href":"https:\/\/www.turkishpost.net\/ar\/wp-json\/wp\/v2\/categories?post=27340"},{"taxonomy":"post_tag","embeddable":true,"href":"https:\/\/www.turkishpost.net\/ar\/wp-json\/wp\/v2\/tags?post=27340"}],"curies":[{"name":"wp","href":"https:\/\/api.w.org\/{rel}","templated":true}]}}