{"id":26631,"date":"2023-09-09T11:36:03","date_gmt":"2023-09-09T08:36:03","guid":{"rendered":"https:\/\/www.turkishpost.net\/ar\/?p=26631"},"modified":"2023-09-09T11:36:03","modified_gmt":"2023-09-09T08:36:03","slug":"fransada-uc-sendika-okullardaki-abaya-yasagini-danistaya-tasidi","status":"publish","type":"post","link":"https:\/\/www.turkishpost.net\/ar\/fransada-uc-sendika-okullardaki-abaya-yasagini-danistaya-tasidi\/","title":{"rendered":"Fransa&#8217;da \u00fc\u00e7 sendika, okullardaki abaya yasa\u011f\u0131n\u0131 Dan\u0131\u015ftay&#8217;a ta\u015f\u0131d\u0131"},"content":{"rendered":"<p><strong>(The Turkish Post) &#8211;<\/strong> Avukat Lucie Simon, sosyal medya hesab\u0131ndan yapt\u0131\u011f\u0131 a\u00e7\u0131klamaya g\u00f6re, Sud Education Paris, La Voix Lyceenne ve Le Poing Leve Lycee sendikalar\u0131, okullardaki abaya yasa\u011f\u0131 karar\u0131 i\u00e7in y\u00fcr\u00fctmeyi durdurma talebiyle 4 Eyl\u00fcl&#8217;de Dan\u0131\u015ftay&#8217;a ba\u015fvurdu.<\/p>\n<p>Sendikalar, E\u011fitim Bakan\u0131 Gabriel Attal&#8217;\u0131n neyin dini nitelikte oldu\u011funa karar vermeye yetkisi olmad\u0131\u011f\u0131n\u0131 savundu.<\/p>\n<p>Abayan\u0131n dini bir k\u0131yafet olarak tan\u0131mlanamayaca\u011f\u0131n\u0131 belirten sendikalar, yasa\u011f\u0131n ayr\u0131mc\u0131l\u0131\u011fa sebebiyet verece\u011fini kaydetti.<\/p>\n<p>Sendikalar, okullardaki abaya yasa\u011f\u0131n\u0131n ask\u0131ya al\u0131nmas\u0131n\u0131 talep etti.<\/p>\n<p>E\u011fitim Bakan\u0131 Attal, 27 A\u011fustos&#8217;ta okullarda abayan\u0131n yasaklanaca\u011f\u0131n\u0131 duyurmu\u015ftu.<\/p>\n<p>M\u00fcsl\u00fcmanlar\u0131n haklar\u0131n\u0131 savunan ADM Derne\u011fi, yasa\u011f\u0131 Dan\u0131\u015ftay&#8217;a ta\u015f\u0131nm\u0131\u015ft\u0131.<\/p>\n<p>Dan\u0131\u015ftay, 7 Eyl\u00fcl&#8217;de a\u00e7\u0131klad\u0131\u011f\u0131 karar\u0131nda, abaya yasa\u011f\u0131n\u0131n &#8220;\u00f6zel hayata sayg\u0131, ibadet ve e\u011fitim haklar\u0131n\u0131&#8221; ihlal etmedi\u011fi y\u00f6n\u00fcnde karar vermi\u015fti.<\/p>\n","protected":false},"excerpt":{"rendered":"<p>(The Turkish Post) &#8211; Avukat Lucie Simon, sosyal medya hesab\u0131ndan yapt\u0131\u011f\u0131 a\u00e7\u0131klamaya g\u00f6re, Sud Education Paris, La Voix Lyceenne ve Le Poing Leve Lycee sendikalar\u0131, okullardaki abaya yasa\u011f\u0131 karar\u0131 i\u00e7in y\u00fcr\u00fctmeyi durdurma talebiyle 4 Eyl\u00fcl&#8217;de Dan\u0131\u015ftay&#8217;a ba\u015fvurdu. Sendikalar, E\u011fitim Bakan\u0131 Gabriel Attal&#8217;\u0131n neyin dini nitelikte oldu\u011funa karar vermeye yetkisi olmad\u0131\u011f\u0131n\u0131 savundu. Abayan\u0131n dini bir k\u0131yafet [&hellip;]<\/p>\n","protected":false},"author":9,"featured_media":26632,"comment_status":"open","ping_status":"open","sticky":false,"template":"","format":"standard","meta":{"_acf_changed":false,"jnews-multi-image_gallery":[],"jnews_single_post":{"source_name":"TRT Haber","source_url":"https:\/\/www.trthaber.com\/haber\/dunya\/fransada-uc-sendika-okullardaki-abaya-yasagini-danistaya-tasidi-794242.html","via_name":"","via_url":"","override_template":"0","override":[{"template":"1","single_blog_custom":"","parallax":"1","fullscreen":"1","layout":"right-sidebar","sidebar":"default-sidebar","second_sidebar":"default-sidebar","sticky_sidebar":"1","share_position":"topbottom","share_float_style":"share-monocrhome","show_share_counter":"0","show_view_counter":"0","show_featured":"1","show_post_meta":"1","show_post_author":"0","show_post_author_image":"1","show_post_date":"1","post_date_format":"default","post_date_format_custom":"Y\/m\/d","show_post_category":"0","show_post_reading_time":"1","post_reading_time_wpm":"300","show_zoom_button":"1","zoom_button_out_step":"4","zoom_button_in_step":"4","show_post_tag":"1","show_prev_next_post":"0","show_popup_post":"1","number_popup_post":"2","show_author_box":"1","show_post_related":"1","show_inline_post_related":"0"}],"override_image_size":"0","image_override":[{"single_post_thumbnail_size":"crop-715","single_post_gallery_size":"crop-500"}],"trending_post":"0","trending_post_position":"meta","trending_post_label":"Trending","sponsored_post":"0","sponsored_post_label":"Sponsored by","sponsored_post_name":"","sponsored_post_url":"","sponsored_post_logo_enable":"0","sponsored_post_logo":"","sponsored_post_desc":"","disable_ad":"0"},"jnews_primary_category":{"id":"63","hide":""},"jnews_override_bookmark_settings":{"override_bookmark_button":"0","override_show_bookmark_button":"0"},"jnews_social_meta":{"fb_title":"","fb_description":"","fb_image":"","twitter_title":"","twitter_description":"","twitter_image":""},"jnews_override_counter":{"override_view_counter":"0","view_counter_number":"0","override_share_counter":"0","share_counter_number":"0","override_like_counter":"0","like_counter_number":"0","override_dislike_counter":"0","dislike_counter_number":"0"},"footnotes":""},"categories":[63,1],"tags":[1422],"class_list":["post-26631","post","type-post","status-publish","format-standard","has-post-thumbnail","hentry","category-dunya","category-son-haberler","tag-slider-manset"],"acf":[],"_links":{"self":[{"href":"https:\/\/www.turkishpost.net\/ar\/wp-json\/wp\/v2\/posts\/26631","targetHints":{"allow":["GET"]}}],"collection":[{"href":"https:\/\/www.turkishpost.net\/ar\/wp-json\/wp\/v2\/posts"}],"about":[{"href":"https:\/\/www.turkishpost.net\/ar\/wp-json\/wp\/v2\/types\/post"}],"author":[{"embeddable":true,"href":"https:\/\/www.turkishpost.net\/ar\/wp-json\/wp\/v2\/users\/9"}],"replies":[{"embeddable":true,"href":"https:\/\/www.turkishpost.net\/ar\/wp-json\/wp\/v2\/comments?post=26631"}],"version-history":[{"count":0,"href":"https:\/\/www.turkishpost.net\/ar\/wp-json\/wp\/v2\/posts\/26631\/revisions"}],"wp:featuredmedia":[{"embeddable":true,"href":"https:\/\/www.turkishpost.net\/ar\/wp-json\/wp\/v2\/media\/26632"}],"wp:attachment":[{"href":"https:\/\/www.turkishpost.net\/ar\/wp-json\/wp\/v2\/media?parent=26631"}],"wp:term":[{"taxonomy":"category","embeddable":true,"href":"https:\/\/www.turkishpost.net\/ar\/wp-json\/wp\/v2\/categories?post=26631"},{"taxonomy":"post_tag","embeddable":true,"href":"https:\/\/www.turkishpost.net\/ar\/wp-json\/wp\/v2\/tags?post=26631"}],"curies":[{"name":"wp","href":"https:\/\/api.w.org\/{rel}","templated":true}]}}