{"id":26409,"date":"2023-09-08T11:27:25","date_gmt":"2023-09-08T08:27:25","guid":{"rendered":"https:\/\/www.turkishpost.net\/ar\/?p=26409"},"modified":"2023-09-08T11:27:25","modified_gmt":"2023-09-08T08:27:25","slug":"26409","status":"publish","type":"post","link":"https:\/\/www.turkishpost.net\/ar\/26409\/","title":{"rendered":"ABD halk\u0131n\u0131n y\u00fczde 73&#8217;\u00fc Biden&#8217;\u0131n g\u00f6revini yerine getirme konusunda endi\u015feli"},"content":{"rendered":"<p><strong>(The Turkish Post) &#8211;<\/strong> CNN taraf\u0131ndan d\u00fczenlenen yeni ankette, Biden&#8217;\u0131n ya\u015f\u0131na, g\u00f6revdeki performans\u0131na ve \u00fclkenin bulundu\u011fu noktaya ili\u015fkin olumsuz g\u00f6r\u00fc\u015fler ortaya konuldu.<\/p>\n<p>Ankete kat\u0131lanlar\u0131n y\u00fczde 73\u2019\u00fc, Biden\u2019in ya\u015f\u0131n\u0131n onun mevcut fiziksel ve zihinsel yeterlilik d\u00fczeyini etkiledi\u011fini d\u00fc\u015f\u00fcnd\u00fc\u011f\u00fcn\u00fc belirtirken, y\u00fczde 76\u2019s\u0131 yeniden se\u00e7ildi\u011fi takdirde bir d\u00f6nem daha hizmet etme yetene\u011fini olumsuz etkileyece\u011finden \u00f6nemli \u015fekilde endi\u015fe duydu\u011funu s\u00f6yledi.<\/p>\n<p>Ankete kat\u0131lan Demokratlar\u0131n y\u00fczde 60\u2019\u0131 Biden\u2019\u0131n ya\u015f\u0131n\u0131n 2024 ba\u015fkanl\u0131k se\u00e7imlerinde potansiyel etkisi olaca\u011f\u0131na i\u015faret ederken, y\u00fczde 61&#8217;i yeniden se\u00e7ildi\u011fi takdirde bir d\u00f6nem daha ba\u015fkan olarak g\u00f6rev yapabilme yetene\u011fi konusunda ciddi endi\u015felerini dile getirdi.<\/p>\n<p>Biden, yeniden se\u00e7ilirse, ikinci d\u00f6nem g\u00f6revi i\u00e7in yemin edece\u011fi Ocak 2025\u2019te 82 ya\u015f\u0131nda olacak.<\/p>\n<p><strong>G\u00d6REV PERFORMANS ONAYI Y\u00dcZDE 39&#8217;A D\u00dc\u015eT\u00dc<\/strong><\/p>\n<p>Ankette, ba\u015fkan Biden\u2019\u0131n ya\u015f\u0131n\u0131n yan\u0131 s\u0131ra g\u00f6revdeki pop\u00fclaritesi, i\u015f onay\u0131 ve performans\u0131na y\u00f6nelik de de\u011ferlendirmelerde bulunuldu.<\/p>\n<p>Kat\u0131l\u0131mc\u0131lar aras\u0131nda Biden\u2019\u0131n g\u00f6rev performans\u0131 onay\u0131 y\u00fczde 39 puan al\u0131rken, politikalar\u0131n\u0131n ekonomik ko\u015fullar\u0131 daha da k\u00f6t\u00fcle\u015ftirdi\u011fine inananlar\u0131n oran\u0131 ge\u00e7en sonbahardan bu yana 8 puan artarak y\u00fczde 58&#8217;e \u00e7\u0131kt\u0131.<\/p>\n<p>Kat\u0131l\u0131mc\u0131lar\u0131n y\u00fczde 70\u2019i, \u00fclkede i\u015flerin k\u00f6t\u00fc gitti\u011fini, Biden&#8217;\u0131n g\u00f6revde oldu\u011fu s\u00fcrenin \u00e7o\u011funda bu durumun kal\u0131c\u0131 oldu\u011funu savunurken, y\u00fczde 51&#8217;i, h\u00fck\u00fcmetin \u00fclkenin sorunlar\u0131n\u0131 \u00e7\u00f6zmek i\u00e7in daha fazlas\u0131n\u0131 yapmas\u0131 gerekti\u011fini ifade etti.<\/p>\n<p>Biden&#8217;a ili\u015fkin ki\u015fisel alg\u0131larda da, ankete kat\u0131lanlar\u0131n y\u00fczde 58&#8217;i onun hakk\u0131nda olumsuz bir izlenime sahip olduklar\u0131n\u0131 belirtirken, yaln\u0131zca y\u00fczde 33&#8217;\u00fc onu ba\u015fkan olarak g\u00f6rmekten gurur duyduklar\u0131 biri olarak tan\u0131mlad\u0131.<\/p>\n<p>Son ankette, Biden&#8217;\u0131n halkta uyand\u0131rd\u0131\u011f\u0131 g\u00fcven, mart ay\u0131na g\u00f6re 7 puan d\u00fc\u015f\u00fc\u015fle y\u00fczde 28\u2019e inerken, ba\u015fkan olarak etkili bir \u015fekilde hizmet edecek dayan\u0131kl\u0131l\u0131\u011fa ve keskinli\u011fe sahip olma d\u00fc\u015f\u00fcncesi de marta g\u00f6re 6 puan d\u00fc\u015f\u00fc\u015fle y\u00fczde 26 oldu.<\/p>\n<p>25-31 A\u011fustos aras\u0131nda yap\u0131lan ankete 1259\u2019u kay\u0131tl\u0131 se\u00e7men toplam 1503 yeti\u015fkin kat\u0131ld\u0131.<\/p>\n","protected":false},"excerpt":{"rendered":"<p>(The Turkish Post) &#8211; CNN taraf\u0131ndan d\u00fczenlenen yeni ankette, Biden&#8217;\u0131n ya\u015f\u0131na, g\u00f6revdeki performans\u0131na ve \u00fclkenin bulundu\u011fu noktaya ili\u015fkin olumsuz g\u00f6r\u00fc\u015fler ortaya konuldu. Ankete kat\u0131lanlar\u0131n y\u00fczde 73\u2019\u00fc, Biden\u2019in ya\u015f\u0131n\u0131n onun mevcut fiziksel ve zihinsel yeterlilik d\u00fczeyini etkiledi\u011fini d\u00fc\u015f\u00fcnd\u00fc\u011f\u00fcn\u00fc belirtirken, y\u00fczde 76\u2019s\u0131 yeniden se\u00e7ildi\u011fi takdirde bir d\u00f6nem daha hizmet etme yetene\u011fini olumsuz etkileyece\u011finden \u00f6nemli \u015fekilde endi\u015fe duydu\u011funu [&hellip;]<\/p>\n","protected":false},"author":9,"featured_media":26423,"comment_status":"open","ping_status":"open","sticky":false,"template":"","format":"standard","meta":{"_acf_changed":false,"jnews-multi-image_gallery":[],"jnews_single_post":{"source_name":"Habert\u00fcrk","source_url":"https:\/\/www.haberturk.com\/abd-de-cogunluk-biden-hakkinda-endiseli-3620062?page=4","via_name":"","via_url":"","override_template":"0","override":[{"template":"1","single_blog_custom":"","parallax":"1","fullscreen":"1","layout":"right-sidebar","sidebar":"default-sidebar","second_sidebar":"default-sidebar","sticky_sidebar":"1","share_position":"topbottom","share_float_style":"share-monocrhome","show_share_counter":"0","show_view_counter":"0","show_featured":"1","show_post_meta":"1","show_post_author":"0","show_post_author_image":"1","show_post_date":"1","post_date_format":"default","post_date_format_custom":"Y\/m\/d","show_post_category":"0","show_post_reading_time":"1","post_reading_time_wpm":"300","show_zoom_button":"1","zoom_button_out_step":"4","zoom_button_in_step":"4","show_post_tag":"1","show_prev_next_post":"0","show_popup_post":"1","number_popup_post":"2","show_author_box":"1","show_post_related":"1","show_inline_post_related":"0"}],"override_image_size":"0","image_override":[{"single_post_thumbnail_size":"crop-715","single_post_gallery_size":"crop-500"}],"trending_post":"0","trending_post_position":"meta","trending_post_label":"Trending","sponsored_post":"0","sponsored_post_label":"Sponsored by","sponsored_post_name":"","sponsored_post_url":"","sponsored_post_logo_enable":"0","sponsored_post_logo":"","sponsored_post_desc":"","disable_ad":"0"},"jnews_primary_category":{"id":"63","hide":""},"jnews_override_bookmark_settings":{"override_bookmark_button":"0","override_show_bookmark_button":"0"},"jnews_social_meta":{"fb_title":"","fb_description":"","fb_image":"","twitter_title":"","twitter_description":"","twitter_image":""},"jnews_override_counter":{"override_view_counter":"0","view_counter_number":"0","override_share_counter":"0","share_counter_number":"0","override_like_counter":"0","like_counter_number":"0","override_dislike_counter":"0","dislike_counter_number":"0"},"footnotes":""},"categories":[63,1],"tags":[1422],"class_list":["post-26409","post","type-post","status-publish","format-standard","has-post-thumbnail","hentry","category-dunya","category-son-haberler","tag-slider-manset"],"acf":[],"_links":{"self":[{"href":"https:\/\/www.turkishpost.net\/ar\/wp-json\/wp\/v2\/posts\/26409","targetHints":{"allow":["GET"]}}],"collection":[{"href":"https:\/\/www.turkishpost.net\/ar\/wp-json\/wp\/v2\/posts"}],"about":[{"href":"https:\/\/www.turkishpost.net\/ar\/wp-json\/wp\/v2\/types\/post"}],"author":[{"embeddable":true,"href":"https:\/\/www.turkishpost.net\/ar\/wp-json\/wp\/v2\/users\/9"}],"replies":[{"embeddable":true,"href":"https:\/\/www.turkishpost.net\/ar\/wp-json\/wp\/v2\/comments?post=26409"}],"version-history":[{"count":0,"href":"https:\/\/www.turkishpost.net\/ar\/wp-json\/wp\/v2\/posts\/26409\/revisions"}],"wp:featuredmedia":[{"embeddable":true,"href":"https:\/\/www.turkishpost.net\/ar\/wp-json\/wp\/v2\/media\/26423"}],"wp:attachment":[{"href":"https:\/\/www.turkishpost.net\/ar\/wp-json\/wp\/v2\/media?parent=26409"}],"wp:term":[{"taxonomy":"category","embeddable":true,"href":"https:\/\/www.turkishpost.net\/ar\/wp-json\/wp\/v2\/categories?post=26409"},{"taxonomy":"post_tag","embeddable":true,"href":"https:\/\/www.turkishpost.net\/ar\/wp-json\/wp\/v2\/tags?post=26409"}],"curies":[{"name":"wp","href":"https:\/\/api.w.org\/{rel}","templated":true}]}}