{"id":23977,"date":"2023-08-29T20:17:31","date_gmt":"2023-08-29T17:17:31","guid":{"rendered":"https:\/\/www.turkishpost.net\/ar\/?p=23977"},"modified":"2023-08-29T20:17:31","modified_gmt":"2023-08-29T17:17:31","slug":"yildiz-futbolcu-eden-hazard-futbola-veda-ediyor","status":"publish","type":"post","link":"https:\/\/www.turkishpost.net\/ar\/yildiz-futbolcu-eden-hazard-futbola-veda-ediyor\/","title":{"rendered":"Y\u0131ld\u0131z futbolcu Eden Hazard futbola veda ediyor"},"content":{"rendered":"<p><strong>(The Turkish Post) &#8211;<\/strong> Transfer d\u00f6neminin ba\u015flamas\u0131yla beraber serbest oyuncu konumuna d\u00fc\u015fen ve zaman zaman ad\u0131 T\u00fcrk kul\u00fcpleriyle de an\u0131lan Eden Hazard gelece\u011fini belirliyor. 32 ya\u015f\u0131ndaki Bel\u00e7ikal\u0131 Eden Hazard futbolu b\u0131rakmaya haz\u0131rlan\u0131yor.<\/p>\n<p>Sporx&#8217;te yer alan habere g\u00f6re transfer d\u00f6neminin ba\u015flamas\u0131yla beraber Bel\u00e7ika, Suudi Arabistan ve T\u00fcrk kul\u00fcpleriyle de ad\u0131 an\u0131lan Eden Hazard kendisini heyecanland\u0131ran bir kul\u00fcp bulamad\u0131\u011f\u0131 i\u00e7in futbolu b\u0131rakma karar\u0131 ald\u0131\u011f\u0131 iddia edildi.<\/p>\n<p>Real Madrid&#8217;e transfer oldu\u011fundan beri 92 resmi ma\u00e7 ka\u00e7\u0131ran Eden Hazard&#8217;\u0131n emeklilik karar\u0131n\u0131 vermesindeki en \u00f6nemli sebeplerinden birisi de eski performans\u0131na ula\u015famayaca\u011f\u0131n\u0131 d\u00fc\u015f\u00fcnd\u00fc\u011f\u00fc i\u00e7in oldu\u011fu da s\u00f6ylendi.<\/p>\n<p>Kariyeri boyunca toplamda 623 resmi ma\u00e7a \u00e7\u0131kan Eden Hazard bu kar\u015f\u0131la\u015fmalarda 167 gol ve 157 asist katk\u0131s\u0131 sa\u011flad\u0131.<\/p>\n","protected":false},"excerpt":{"rendered":"<p>(The Turkish Post) &#8211; Transfer d\u00f6neminin ba\u015flamas\u0131yla beraber serbest oyuncu konumuna d\u00fc\u015fen ve zaman zaman ad\u0131 T\u00fcrk kul\u00fcpleriyle de an\u0131lan Eden Hazard gelece\u011fini belirliyor. 32 ya\u015f\u0131ndaki Bel\u00e7ikal\u0131 Eden Hazard futbolu b\u0131rakmaya haz\u0131rlan\u0131yor. Sporx&#8217;te yer alan habere g\u00f6re transfer d\u00f6neminin ba\u015flamas\u0131yla beraber Bel\u00e7ika, Suudi Arabistan ve T\u00fcrk kul\u00fcpleriyle de ad\u0131 an\u0131lan Eden Hazard kendisini heyecanland\u0131ran bir [&hellip;]<\/p>\n","protected":false},"author":2,"featured_media":23984,"comment_status":"open","ping_status":"open","sticky":false,"template":"","format":"standard","meta":{"_acf_changed":false,"jnews-multi-image_gallery":[],"jnews_single_post":{"source_name":"Cumhuriyet","source_url":"https:\/\/www.cumhuriyet.com.tr\/spor\/yildiz-futbolcu-eden-hazard-futbola-veda-ediyor-2113911","via_name":"","via_url":"","override_template":"0","override":[{"template":"1","single_blog_custom":"","parallax":"1","fullscreen":"1","layout":"right-sidebar","sidebar":"default-sidebar","second_sidebar":"default-sidebar","sticky_sidebar":"1","share_position":"topbottom","share_float_style":"share-monocrhome","show_share_counter":"0","show_view_counter":"0","show_featured":"1","show_post_meta":"1","show_post_author":"0","show_post_author_image":"1","show_post_date":"1","post_date_format":"default","post_date_format_custom":"Y\/m\/d","show_post_category":"0","show_post_reading_time":"1","post_reading_time_wpm":"300","show_zoom_button":"1","zoom_button_out_step":"4","zoom_button_in_step":"4","show_post_tag":"1","show_prev_next_post":"0","show_popup_post":"1","number_popup_post":"2","show_author_box":"1","show_post_related":"1","show_inline_post_related":"0"}],"override_image_size":"0","image_override":[{"single_post_thumbnail_size":"crop-715","single_post_gallery_size":"crop-500"}],"trending_post":"0","trending_post_position":"meta","trending_post_label":"Trending","sponsored_post":"0","sponsored_post_label":"Sponsored by","sponsored_post_name":"","sponsored_post_url":"","sponsored_post_logo_enable":"0","sponsored_post_logo":"","sponsored_post_desc":"","disable_ad":"0"},"jnews_primary_category":{"id":"7","hide":""},"jnews_override_bookmark_settings":{"override_bookmark_button":"0","override_show_bookmark_button":"0"},"jnews_social_meta":{"fb_title":"","fb_description":"","fb_image":"","twitter_title":"","twitter_description":"","twitter_image":""},"jnews_override_counter":{"override_view_counter":"0","view_counter_number":"0","override_share_counter":"0","share_counter_number":"0","override_like_counter":"0","like_counter_number":"0","override_dislike_counter":"0","dislike_counter_number":"0"},"footnotes":""},"categories":[7,1],"tags":[6695],"class_list":["post-23977","post","type-post","status-publish","format-standard","has-post-thumbnail","hentry","category-spor","category-son-haberler","tag-eden-hazard"],"acf":[],"_links":{"self":[{"href":"https:\/\/www.turkishpost.net\/ar\/wp-json\/wp\/v2\/posts\/23977","targetHints":{"allow":["GET"]}}],"collection":[{"href":"https:\/\/www.turkishpost.net\/ar\/wp-json\/wp\/v2\/posts"}],"about":[{"href":"https:\/\/www.turkishpost.net\/ar\/wp-json\/wp\/v2\/types\/post"}],"author":[{"embeddable":true,"href":"https:\/\/www.turkishpost.net\/ar\/wp-json\/wp\/v2\/users\/2"}],"replies":[{"embeddable":true,"href":"https:\/\/www.turkishpost.net\/ar\/wp-json\/wp\/v2\/comments?post=23977"}],"version-history":[{"count":0,"href":"https:\/\/www.turkishpost.net\/ar\/wp-json\/wp\/v2\/posts\/23977\/revisions"}],"wp:featuredmedia":[{"embeddable":true,"href":"https:\/\/www.turkishpost.net\/ar\/wp-json\/wp\/v2\/media\/23984"}],"wp:attachment":[{"href":"https:\/\/www.turkishpost.net\/ar\/wp-json\/wp\/v2\/media?parent=23977"}],"wp:term":[{"taxonomy":"category","embeddable":true,"href":"https:\/\/www.turkishpost.net\/ar\/wp-json\/wp\/v2\/categories?post=23977"},{"taxonomy":"post_tag","embeddable":true,"href":"https:\/\/www.turkishpost.net\/ar\/wp-json\/wp\/v2\/tags?post=23977"}],"curies":[{"name":"wp","href":"https:\/\/api.w.org\/{rel}","templated":true}]}}