{"id":23787,"date":"2023-08-29T13:30:50","date_gmt":"2023-08-29T10:30:50","guid":{"rendered":"https:\/\/www.turkishpost.net\/ar\/?p=23787"},"modified":"2023-08-29T15:13:28","modified_gmt":"2023-08-29T12:13:28","slug":"paraniz-olsa-da-alamayacaksiniz-gida-krizi-kapida-dunyada-yukselen-trend-gida-milliyetciligi","status":"publish","type":"post","link":"https:\/\/www.turkishpost.net\/ar\/paraniz-olsa-da-alamayacaksiniz-gida-krizi-kapida-dunyada-yukselen-trend-gida-milliyetciligi\/","title":{"rendered":"G\u0131da krizi kap\u0131da: G\u0131da milliyet\u00e7ili\u011fi giderek d\u00fcnyada yay\u0131l\u0131yor"},"content":{"rendered":"<p><strong>(The Turkish Post) &#8211;<\/strong> Ankara&#8217;da tar\u0131m sekt\u00f6r\u00fc temsilcileri, Cumhurba\u015fkan\u0131 Yard\u0131mc\u0131s\u0131 Cevdet Y\u0131lmaz ba\u015fkanl\u0131\u011f\u0131nda d\u00fczenlenen &#8216;2023 Y\u0131l\u0131 Tar\u0131msal \u00dcretici Temsilcileri \u0130sti\u015fare Toplant\u0131s\u0131&#8217;nda beklenti ve taleplerini anlatt\u0131.<\/p>\n<p>T\u00fcrkiye Ziraat Odalar\u0131 Birli\u011fi (TZOB) Ba\u015fkan\u0131 \u015eemsi Bayraktar, toplant\u0131da ilettikleri taleplere ili\u015fkin a\u00e7\u0131klamada bulundu. Bayraktar, s\u00fcrd\u00fcr\u00fclebilir \u00fcretimin \u00f6nemine vurgu yaparak, &#8220;Toplant\u0131da yap\u0131sal sorunlar\u0131n ciddi maliyet getirdi\u011fini ifade ettik. T\u00fcrkiye d\u0131\u015far\u0131ya ba\u011f\u0131ml\u0131 bir \u00fcretim modeli ile \u00fcretim yap\u0131yor, girdi maliyetlerimiz bu manada h\u0131zl\u0131 bir \u015fekilde art\u0131yor. Bu \u00fcretime ciddi maliyet getiriyor. Sulama yat\u0131r\u0131mlar\u0131m\u0131z \u00e7ok \u00f6nemli.<\/p>\n<p>2 milyon hektar arazimizi muhakkak sulamaya a\u00e7mam\u0131z gerekiyor. Topra\u011f\u0131n su ile bulu\u015fmas\u0131 gerekti\u011fini ifade ettik. Bu manada 2 milyon sulanamayan arazimizin de sulamaya a\u00e7\u0131lmas\u0131 gerekti\u011fini \u00f6nemini vurgulad\u0131k. 61 dekar arazide \u00fcretim yap\u0131yoruz; bu ekonomik \u00fcretim yapmam\u0131z\u0131 \u00f6nl\u00fcyor, dolay\u0131s\u0131yla da arazi toplula\u015ft\u0131r\u0131lmas\u0131na da sa\u011fl\u0131kl\u0131 \u015fekilde devam edilmesi gerekiyor. \u00dcretim a\u015famas\u0131n\u0131n da \u00f6nemli oldu\u011funu s\u00f6yledik&#8221; dedi.<\/p>\n<p><strong>&#8216;S\u00dcRD\u00dcR\u00dcLEB\u0130L\u0130R \u00dcRET\u0130M&#8217; VURGUSU<\/strong><\/p>\n<p>Sa\u011fl\u0131kl\u0131 tar\u0131m politikalar\u0131 olu\u015fturabilmesi i\u00e7in tar\u0131m envanterinin \u00e7\u0131kar\u0131lmas\u0131 gerekti\u011fini i\u015faret eden Bayraktar, &#8220;2021 y\u0131l\u0131ndan beri tar\u0131m envanterini \u00e7\u0131karm\u0131yoruz. 755 odam\u0131za da buna katk\u0131 vermeye haz\u0131r oldu\u011fumuzu ifade ettik. Sekt\u00f6r\u00fcm\u00fczde s\u00fcrd\u00fcr\u00fclebilir \u00fcretim i\u00e7in dikkat edilmesi gereken noktalara vurgu yapt\u0131k. En d\u00fc\u015f\u00fck maliyetli \u00fcretim s\u00fcrd\u00fcr\u00fclebilir \u00fcretim. Zaman zaman hayvanc\u0131l\u0131\u011f\u0131 \u00f6rnek verdik; s\u00fct hayvanlar\u0131n\u0131 3-5 y\u0131lda bir kesip, d\u0131\u015far\u0131dan 3-5 milyon hayvan getiriyoruz.<\/p>\n<p>Hem ithal maliyeti var hem zaman i\u00e7inde t\u00fcketicimizi, ekonomimizi, \u00fcreticimizi zorluyor, zarar veriyor. Enflasyonu \u00f6nleme ad\u0131na \u00fcretici fiyatlar\u0131n\u0131n da bu manada bask\u0131lamas\u0131n\u0131n do\u011fru olmad\u0131\u011f\u0131n\u0131 ifade ettik. Hasat zaman\u0131nda ithalat yap\u0131lmas\u0131n\u0131n da s\u00fcrd\u00fcr\u00fclebilir \u00fcretime zarar verdi\u011fini de ifade ettik. Cumhurba\u015fkan\u0131 Yard\u0131mc\u0131m\u0131z gereken tedbirleri alacaklar\u0131n\u0131 ifade etti&#8221; diye konu\u015ftu.<\/p>\n<p><strong>&#8216;GIDA M\u0130LL\u0130YET\u00c7\u0130L\u0130\u011e\u0130 BA\u015eLADI&#8217;<\/strong><\/p>\n<p>Bayraktar, iklim de\u011fi\u015fikli\u011fi ve kurakl\u0131\u011f\u0131n tar\u0131ma yans\u0131mas\u0131na ili\u015fkin de, &#8220;\u0130klim de\u011fi\u015fikli\u011fi tar\u0131m sekt\u00f6r\u00fc \u00f6n\u00fcnde s\u00fcrd\u00fcr\u00fclebilir \u00fcretim noktas\u0131nda en b\u00fcy\u00fck engellerden biri. Bir tarafta k\u00fcresel \u0131s\u0131nma bir taraftan da pandemi s\u00fcrecindeki ola\u011fan\u00fcst\u00fc \u015fartlar d\u00fcnyadaki bir\u00e7ok \u00fclkeyi, b\u00fcy\u00fck \u00fcreticiyi stok yapmaya itti. Yani g\u0131da milliyet\u00e7ili\u011fi ba\u015flad\u0131. D\u00fcnyada g\u0131da milliyet\u00e7ili\u011fin ba\u015flamas\u0131 ve b\u00fcy\u00fck \u00fclkelerin stok yapmas\u0131 da buna ba\u011fl\u0131.<\/p>\n<p>T\u00fcrkiye&#8217;nin Akdeniz havzas\u0131nda; kurakl\u0131ktan etkilenece\u011fimiz ve bununla ilgili tedbirleri almal\u0131y\u0131z. \u0130htiyac\u0131m\u0131z\u0131 kar\u015f\u0131layamad\u0131\u011f\u0131m\u0131z, yeterlilik oran\u0131m\u0131z\u0131n d\u00fc\u015f\u00fck oldu\u011fu \u00fcr\u00fcnleri yeterli hale gelmek, \u00fcretimi te\u015fvik etmek \u00e7ok \u00f6nemli. \u0130lkim de\u011fi\u015fikli\u011fi hem d\u00fcnyadaki hem de T\u00fcrkiye&#8217;deki \u00fcretimi etkileyecek. Bunun i\u00e7in tedbir al\u0131nmas\u0131 gerekir. \u00d6nlem al\u0131nmazsa, Allah muhafaza paran\u0131z olsa dahi g\u0131daya ula\u015famazs\u0131n\u0131z&#8221; ifadelerini kulland\u0131.<\/p>\n","protected":false},"excerpt":{"rendered":"<p>(The Turkish Post) &#8211; Ankara&#8217;da tar\u0131m sekt\u00f6r\u00fc temsilcileri, Cumhurba\u015fkan\u0131 Yard\u0131mc\u0131s\u0131 Cevdet Y\u0131lmaz ba\u015fkanl\u0131\u011f\u0131nda d\u00fczenlenen &#8216;2023 Y\u0131l\u0131 Tar\u0131msal \u00dcretici Temsilcileri \u0130sti\u015fare Toplant\u0131s\u0131&#8217;nda beklenti ve taleplerini anlatt\u0131. T\u00fcrkiye Ziraat Odalar\u0131 Birli\u011fi (TZOB) Ba\u015fkan\u0131 \u015eemsi Bayraktar, toplant\u0131da ilettikleri taleplere ili\u015fkin a\u00e7\u0131klamada bulundu. Bayraktar, s\u00fcrd\u00fcr\u00fclebilir \u00fcretimin \u00f6nemine vurgu yaparak, &#8220;Toplant\u0131da yap\u0131sal sorunlar\u0131n ciddi maliyet getirdi\u011fini ifade ettik. T\u00fcrkiye d\u0131\u015far\u0131ya [&hellip;]<\/p>\n","protected":false},"author":9,"featured_media":23788,"comment_status":"open","ping_status":"open","sticky":false,"template":"","format":"standard","meta":{"_acf_changed":false,"jnews-multi-image_gallery":[],"jnews_single_post":{"source_name":"Medyatava","source_url":"","via_name":"","via_url":"","override_template":"0","override":[{"template":"1","single_blog_custom":"","parallax":"1","fullscreen":"1","layout":"right-sidebar","sidebar":"default-sidebar","second_sidebar":"default-sidebar","sticky_sidebar":"1","share_position":"topbottom","share_float_style":"share-monocrhome","show_share_counter":"0","show_view_counter":"0","show_featured":"1","show_post_meta":"1","show_post_author":"0","show_post_author_image":"1","show_post_date":"1","post_date_format":"default","post_date_format_custom":"Y\/m\/d","show_post_category":"0","show_post_reading_time":"1","post_reading_time_wpm":"300","show_zoom_button":"1","zoom_button_out_step":"4","zoom_button_in_step":"4","show_post_tag":"1","show_prev_next_post":"0","show_popup_post":"1","number_popup_post":"2","show_author_box":"1","show_post_related":"1","show_inline_post_related":"0"}],"override_image_size":"0","image_override":[{"single_post_thumbnail_size":"crop-715","single_post_gallery_size":"crop-500"}],"trending_post":"0","trending_post_position":"meta","trending_post_label":"Trending","sponsored_post":"0","sponsored_post_label":"Sponsored by","sponsored_post_name":"","sponsored_post_url":"","sponsored_post_logo_enable":"0","sponsored_post_logo":"","sponsored_post_desc":"","disable_ad":"0"},"jnews_primary_category":{"id":"8","hide":""},"jnews_override_bookmark_settings":{"override_bookmark_button":"0","override_show_bookmark_button":"0"},"jnews_social_meta":{"fb_title":"","fb_description":"","fb_image":"","twitter_title":"","twitter_description":"","twitter_image":""},"jnews_override_counter":{"override_view_counter":"0","view_counter_number":"0","override_share_counter":"0","share_counter_number":"0","override_like_counter":"0","like_counter_number":"0","override_dislike_counter":"0","dislike_counter_number":"0"},"footnotes":""},"categories":[8,1],"tags":[6663,6662,6661,1422],"class_list":["post-23787","post","type-post","status-publish","format-standard","has-post-thumbnail","hentry","category-turkiye","category-son-haberler","tag-dunya-gida-krizi","tag-erdogan-bayraktar","tag-gida-krizi","tag-slider-manset"],"acf":[],"_links":{"self":[{"href":"https:\/\/www.turkishpost.net\/ar\/wp-json\/wp\/v2\/posts\/23787","targetHints":{"allow":["GET"]}}],"collection":[{"href":"https:\/\/www.turkishpost.net\/ar\/wp-json\/wp\/v2\/posts"}],"about":[{"href":"https:\/\/www.turkishpost.net\/ar\/wp-json\/wp\/v2\/types\/post"}],"author":[{"embeddable":true,"href":"https:\/\/www.turkishpost.net\/ar\/wp-json\/wp\/v2\/users\/9"}],"replies":[{"embeddable":true,"href":"https:\/\/www.turkishpost.net\/ar\/wp-json\/wp\/v2\/comments?post=23787"}],"version-history":[{"count":0,"href":"https:\/\/www.turkishpost.net\/ar\/wp-json\/wp\/v2\/posts\/23787\/revisions"}],"wp:featuredmedia":[{"embeddable":true,"href":"https:\/\/www.turkishpost.net\/ar\/wp-json\/wp\/v2\/media\/23788"}],"wp:attachment":[{"href":"https:\/\/www.turkishpost.net\/ar\/wp-json\/wp\/v2\/media?parent=23787"}],"wp:term":[{"taxonomy":"category","embeddable":true,"href":"https:\/\/www.turkishpost.net\/ar\/wp-json\/wp\/v2\/categories?post=23787"},{"taxonomy":"post_tag","embeddable":true,"href":"https:\/\/www.turkishpost.net\/ar\/wp-json\/wp\/v2\/tags?post=23787"}],"curies":[{"name":"wp","href":"https:\/\/api.w.org\/{rel}","templated":true}]}}