{"id":23735,"date":"2023-08-29T11:58:19","date_gmt":"2023-08-29T08:58:19","guid":{"rendered":"https:\/\/www.turkishpost.net\/ar\/?p=23735"},"modified":"2023-08-29T14:16:13","modified_gmt":"2023-08-29T11:16:13","slug":"naci-gorurden-konya-depremi-yorumu-eskisehir-fayini-isaret-etti","status":"publish","type":"post","link":"https:\/\/www.turkishpost.net\/ar\/naci-gorurden-konya-depremi-yorumu-eskisehir-fayini-isaret-etti\/","title":{"rendered":"Naci G\u00f6r\u00fcr&#8217;den Konya depremi yorumu: Eski\u015fehir fay\u0131n\u0131 i\u015faret etti"},"content":{"rendered":"<p><strong>\u00a0(The Turkish Post) \u00a0<\/strong>&#8211; Konya&#8217;da AFAD verilerine g\u00f6re 4,8, Kandilli Rasathanesi&#8217;nin a\u00e7\u0131klamas\u0131na g\u00f6re ise 5.1 b\u00fcy\u00fckl\u00fc\u011f\u00fcnde deprem meydana geldi.<\/p>\n<p>Sars\u0131nt\u0131n\u0131n hissedildi\u011fi kentte zarar olu\u015fmad\u0131\u011f\u0131 a\u00e7\u0131klan\u0131rken deprem bilimci Prof. Dr. Naci G\u00f6r\u00fcr&#8217;den de a\u00e7\u0131klama geldi.<\/p>\n<p>Sosyal medya hesab\u0131ndan depreme ili\u015fkin de\u011ferlendirmede bulunan G\u00f6r\u00fcr, Eski\u015fehir Fay Zonunu i\u015faret etti.<\/p>\n<p>Naci G\u00f6r\u00fcr payla\u015f\u0131m\u0131nda &#8220;Konya, Kulu-Tav\u015fancal\u0131\u2019da 5,1 deprem oldu . Yak\u0131nlarda ayn\u0131 b\u00f6lgede ayn\u0131 b\u00fcy\u00fckl\u00fckte deprem \u00c7and\u0131r- Sel\u00e7uklu\u2019da olmu\u015ftu. Bug\u00fcnk\u00fc deprem muhtemelen Eski\u015fehir Fay Zonunun devam\u0131nda olu\u015ftu (Esat vd 2016), sevgiyle&#8221; ifadelerine yer verdi.<\/p>\n","protected":false},"excerpt":{"rendered":"<p>\u00a0(The Turkish Post) \u00a0&#8211; Konya&#8217;da AFAD verilerine g\u00f6re 4,8, Kandilli Rasathanesi&#8217;nin a\u00e7\u0131klamas\u0131na g\u00f6re ise 5.1 b\u00fcy\u00fckl\u00fc\u011f\u00fcnde deprem meydana geldi. Sars\u0131nt\u0131n\u0131n hissedildi\u011fi kentte zarar olu\u015fmad\u0131\u011f\u0131 a\u00e7\u0131klan\u0131rken deprem bilimci Prof. Dr. Naci G\u00f6r\u00fcr&#8217;den de a\u00e7\u0131klama geldi. Sosyal medya hesab\u0131ndan depreme ili\u015fkin de\u011ferlendirmede bulunan G\u00f6r\u00fcr, Eski\u015fehir Fay Zonunu i\u015faret etti. Naci G\u00f6r\u00fcr payla\u015f\u0131m\u0131nda &#8220;Konya, Kulu-Tav\u015fancal\u0131\u2019da 5,1 deprem oldu [&hellip;]<\/p>\n","protected":false},"author":9,"featured_media":23736,"comment_status":"open","ping_status":"open","sticky":false,"template":"","format":"standard","meta":{"_acf_changed":false,"jnews-multi-image_gallery":[],"jnews_single_post":{"source_name":"Gezeteduvar","source_url":"https:\/\/www.gazeteduvar.com.tr\/naci-gorurden-konya-depremi-yorumu-eskisehir-fayini-isaret-etti-haber-1635016","via_name":"","via_url":"","override_template":"0","override":[{"template":"1","single_blog_custom":"","parallax":"1","fullscreen":"1","layout":"right-sidebar","sidebar":"default-sidebar","second_sidebar":"default-sidebar","sticky_sidebar":"1","share_position":"topbottom","share_float_style":"share-monocrhome","show_share_counter":"0","show_view_counter":"0","show_featured":"1","show_post_meta":"1","show_post_author":"0","show_post_author_image":"1","show_post_date":"1","post_date_format":"default","post_date_format_custom":"Y\/m\/d","show_post_category":"0","show_post_reading_time":"1","post_reading_time_wpm":"300","show_zoom_button":"1","zoom_button_out_step":"4","zoom_button_in_step":"4","show_post_tag":"1","show_prev_next_post":"0","show_popup_post":"1","number_popup_post":"2","show_author_box":"1","show_post_related":"1","show_inline_post_related":"0"}],"override_image_size":"0","image_override":[{"single_post_thumbnail_size":"crop-715","single_post_gallery_size":"crop-500"}],"trending_post":"0","trending_post_position":"meta","trending_post_label":"Trending","sponsored_post":"0","sponsored_post_label":"Sponsored by","sponsored_post_name":"","sponsored_post_url":"","sponsored_post_logo_enable":"0","sponsored_post_logo":"","sponsored_post_desc":"","disable_ad":"0"},"jnews_primary_category":{"id":"8","hide":""},"jnews_override_bookmark_settings":{"override_bookmark_button":"0","override_show_bookmark_button":"0"},"jnews_social_meta":{"fb_title":"","fb_description":"","fb_image":"","twitter_title":"","twitter_description":"","twitter_image":""},"jnews_override_counter":{"override_view_counter":"0","view_counter_number":"0","override_share_counter":"0","share_counter_number":"0","override_like_counter":"0","like_counter_number":"0","override_dislike_counter":"0","dislike_counter_number":"0"},"footnotes":""},"categories":[8,1],"tags":[72,6656,449,1422],"class_list":["post-23735","post","type-post","status-publish","format-standard","has-post-thumbnail","hentry","category-turkiye","category-son-haberler","tag-deprem","tag-eskisehir-depremi","tag-naci-gorur","tag-slider-manset"],"acf":[],"_links":{"self":[{"href":"https:\/\/www.turkishpost.net\/ar\/wp-json\/wp\/v2\/posts\/23735","targetHints":{"allow":["GET"]}}],"collection":[{"href":"https:\/\/www.turkishpost.net\/ar\/wp-json\/wp\/v2\/posts"}],"about":[{"href":"https:\/\/www.turkishpost.net\/ar\/wp-json\/wp\/v2\/types\/post"}],"author":[{"embeddable":true,"href":"https:\/\/www.turkishpost.net\/ar\/wp-json\/wp\/v2\/users\/9"}],"replies":[{"embeddable":true,"href":"https:\/\/www.turkishpost.net\/ar\/wp-json\/wp\/v2\/comments?post=23735"}],"version-history":[{"count":0,"href":"https:\/\/www.turkishpost.net\/ar\/wp-json\/wp\/v2\/posts\/23735\/revisions"}],"wp:featuredmedia":[{"embeddable":true,"href":"https:\/\/www.turkishpost.net\/ar\/wp-json\/wp\/v2\/media\/23736"}],"wp:attachment":[{"href":"https:\/\/www.turkishpost.net\/ar\/wp-json\/wp\/v2\/media?parent=23735"}],"wp:term":[{"taxonomy":"category","embeddable":true,"href":"https:\/\/www.turkishpost.net\/ar\/wp-json\/wp\/v2\/categories?post=23735"},{"taxonomy":"post_tag","embeddable":true,"href":"https:\/\/www.turkishpost.net\/ar\/wp-json\/wp\/v2\/tags?post=23735"}],"curies":[{"name":"wp","href":"https:\/\/api.w.org\/{rel}","templated":true}]}}