{"id":23234,"date":"2023-08-26T20:35:49","date_gmt":"2023-08-26T17:35:49","guid":{"rendered":"https:\/\/www.turkishpost.net\/ar\/?p=23234"},"modified":"2023-08-26T20:35:49","modified_gmt":"2023-08-26T17:35:49","slug":"putinden-kararname-wagner-savascilarinin-rusyaya-baglilik-yemini-etmesi-istenecek","status":"publish","type":"post","link":"https:\/\/www.turkishpost.net\/ar\/putinden-kararname-wagner-savascilarinin-rusyaya-baglilik-yemini-etmesi-istenecek\/","title":{"rendered":"Putin\u2019den kararname: Wagner sava\u015f\u00e7\u0131lar\u0131n\u0131n Rusya&#8217;ya ba\u011fl\u0131l\u0131k yemini etmesi istenecek"},"content":{"rendered":"<p><strong>(The Turkish Post) &#8211;<\/strong> Rusya Devlet Ba\u015fkan\u0131 Vladimir Putin, Moskova i\u00e7in sava\u015fan b\u00fct\u00fcn paral\u0131 askerlerin Rusya i\u00e7in ba\u011fl\u0131l\u0131k yemini etmesini kararla\u015ft\u0131rd\u0131.<\/p>\n<p>Putin, Wagner&#8217;in patronu Yevgeniy Prigojin&#8217;in d\u00fc\u015fen bir u\u00e7akta hayat\u0131n\u0131 kaybetti\u011finin a\u00e7\u0131klanmas\u0131ndan ard\u0131ndan hemen y\u00fcr\u00fcrl\u00fc\u011fe girmek \u00fczere yeni bir kararnameye imza att\u0131.<\/p>\n<p>Buna g\u00f6re Wagner ve \u00fclkedeki di\u011fer paral\u0131 asker gruplar\u0131 i\u00e7in \u00e7al\u0131\u015fanlar\u0131n\u0131n &#8216;Rus devletine ba\u011fl\u0131l\u0131k yemini&#8217; etmeleri zorunlu hale getirildi.<\/p>\n<p>Kremlin&#8217;in resmi internet sitesinde de payla\u015f\u0131lan kararname, ordu ad\u0131na faaliyet g\u00f6steren ya da Rusya&#8217;y\u0131 Ukrayna&#8217;daki &#8216;\u00f6zel askeri operasyonunda&#8217; destekleyen herkesin Rusya&#8217;ya resmi bir ba\u011fl\u0131l\u0131k yemini etmesi gerekti\u011fi vurguland\u0131.<\/p>\n<p>Kararnamede, ba\u011fl\u0131l\u0131k yemini \u201cRusya\u2019y\u0131 savunman\u0131n manevi ve ahlaki temellerini olu\u015fturma yolunda \u00f6nemli bir ad\u0131m\u201d olarak tan\u0131mland\u0131.<\/p>\n<p>Rusya\u2019ya ba\u011fl\u0131l\u0131k yemininin \u201ckomutanlar\u0131n ve \u00fcst d\u00fczey liderlerin emirlerine kesinlikle uyma s\u00f6z\u00fcn\u00fc\u201d i\u00e7erdi\u011fi aktar\u0131ld\u0131.<\/p>\n<h4><strong>Wagner patronun \u00f6l\u00fcm\u00fcnden \u00f6nce neler ya\u015fand\u0131?<\/strong><\/h4>\n<p>Rus yetkililer, 23 A\u011fustos \u00c7ar\u015famba ak\u015fam\u0131 \u00fclkenin Tver b\u00f6lgesinde \u00f6zel jetin d\u00fc\u015fmesi sonucu 10 ki\u015finin \u00f6ld\u00fc\u011f\u00fcn\u00fc bildirmi\u015fti.<\/p>\n<p>Rusya Federal Hava Ta\u015f\u0131mac\u0131l\u0131\u011f\u0131 Ajans\u0131, d\u00fc\u015fen u\u00e7akta \u00f6lenlerin aras\u0131nda Wagner&#8217;in kurucusu Yevgeniy Prigojin ile yine paral\u0131 asker grubunu \u00f6nemli komutanlar\u0131n\u0131 yer ald\u0131\u011f\u0131 bilgisini payla\u015fm\u0131\u015ft\u0131.<\/p>\n<p>24 Haziran&#8217;da Rus y\u00f6netimine kar\u015f\u0131 silahl\u0131 isyan ba\u015flatan Prigojin, Belarus Cumhurba\u015fkan\u0131 Aleksandr Luka\u015fenko&#8217;nun araya girmesiyle geri ad\u0131m atm\u0131\u015ft\u0131.<\/p>\n<p>Prigojin, en son pazartesi ak\u015fam\u0131, Wagner&#8217;e yak\u0131n gruplar taraf\u0131ndan sosyal medyada yay\u0131nlanan ve Afrika&#8217;da oldu\u011funu iddia etti\u011fi bir videoda yer ald\u0131; \u00e7\u00f6l manzaras\u0131nda, &#8220;Rusya&#8217;y\u0131 t\u00fcm k\u0131talarda daha da b\u00fcy\u00fctmek ve Afrika&#8217;y\u0131 daha da \u00f6zg\u00fcrle\u015ftirmek&#8221; i\u00e7in \u00e7al\u0131\u015ft\u0131\u011f\u0131n\u0131 s\u00f6yledi.<\/p>\n<h4><strong>Luka\u015fenko: Wagner Belarus&#8217;ta kalacak<\/strong><\/h4>\n<p>Rus medyas\u0131 bu hafta Prigojin ile ba\u011flant\u0131l\u0131 oldu\u011fu belirtilen Sergei Surovikin&#8217;in Rusya&#8217;n\u0131n hava kuvvetleri komutanl\u0131\u011f\u0131 g\u00f6revinden al\u0131nd\u0131\u011f\u0131n\u0131 bildirdi. Bir d\u00f6nem Rusya&#8217;n\u0131n Ukrayna&#8217;daki operasyonlar\u0131n\u0131 y\u00f6neten Surovikin, Prigozj&#8217;in g\u00fc\u00e7lerini geri \u00e7ekilmeye \u00e7a\u011f\u0131ran bir video konu\u015fmas\u0131 kaydetti\u011fi isyandan bu yana kamuoyunda g\u00f6r\u00fclmedi.<\/p>\n<p>Belarus Cumhurba\u015fkan\u0131 Aleksandr Luka\u015fenko d\u00fcn yapt\u0131\u011f\u0131 a\u00e7\u0131klamada, Rus paral\u0131 asker grubu Wagner \u00fcyelerinin \u00fclkesinde kalmaya devam edece\u011fini bildirdi.<\/p>\n<p>Belarus Cumhurba\u015fkan\u0131, Wagner askerlerinin ne kadar s\u00fcre \u00fclkesinde kalaca\u011f\u0131 ve bundan sonraki hedefleri hakk\u0131nda bilgi vermekten ka\u00e7\u0131nd\u0131.<\/p>\n","protected":false},"excerpt":{"rendered":"<p>(The Turkish Post) &#8211; Rusya Devlet Ba\u015fkan\u0131 Vladimir Putin, Moskova i\u00e7in sava\u015fan b\u00fct\u00fcn paral\u0131 askerlerin Rusya i\u00e7in ba\u011fl\u0131l\u0131k yemini etmesini kararla\u015ft\u0131rd\u0131. Putin, Wagner&#8217;in patronu Yevgeniy Prigojin&#8217;in d\u00fc\u015fen bir u\u00e7akta hayat\u0131n\u0131 kaybetti\u011finin a\u00e7\u0131klanmas\u0131ndan ard\u0131ndan hemen y\u00fcr\u00fcrl\u00fc\u011fe girmek \u00fczere yeni bir kararnameye imza att\u0131. Buna g\u00f6re Wagner ve \u00fclkedeki di\u011fer paral\u0131 asker gruplar\u0131 i\u00e7in \u00e7al\u0131\u015fanlar\u0131n\u0131n &#8216;Rus devletine [&hellip;]<\/p>\n","protected":false},"author":2,"featured_media":23235,"comment_status":"open","ping_status":"open","sticky":false,"template":"","format":"standard","meta":{"_acf_changed":false,"jnews-multi-image_gallery":[],"jnews_single_post":{"source_name":"Euronews","source_url":"https:\/\/tr.euronews.com\/2023\/08\/26\/putinden-kararname-wagner-savascilarinin-rusyaya-baglilik-yemini-etmesi-istenecek","via_name":"","via_url":"","override_template":"0","override":[{"template":"1","single_blog_custom":"","parallax":"1","fullscreen":"1","layout":"right-sidebar","sidebar":"default-sidebar","second_sidebar":"default-sidebar","sticky_sidebar":"1","share_position":"topbottom","share_float_style":"share-monocrhome","show_share_counter":"0","show_view_counter":"0","show_featured":"1","show_post_meta":"1","show_post_author":"0","show_post_author_image":"1","show_post_date":"1","post_date_format":"default","post_date_format_custom":"Y\/m\/d","show_post_category":"0","show_post_reading_time":"1","post_reading_time_wpm":"300","show_zoom_button":"1","zoom_button_out_step":"4","zoom_button_in_step":"4","show_post_tag":"1","show_prev_next_post":"0","show_popup_post":"1","number_popup_post":"2","show_author_box":"1","show_post_related":"1","show_inline_post_related":"0"}],"override_image_size":"0","image_override":[{"single_post_thumbnail_size":"crop-715","single_post_gallery_size":"crop-500"}],"trending_post":"0","trending_post_position":"meta","trending_post_label":"Trending","sponsored_post":"0","sponsored_post_label":"Sponsored by","sponsored_post_name":"","sponsored_post_url":"","sponsored_post_logo_enable":"0","sponsored_post_logo":"","sponsored_post_desc":"","disable_ad":"0"},"jnews_primary_category":{"id":"63","hide":""},"jnews_override_bookmark_settings":{"override_bookmark_button":"0","override_show_bookmark_button":"0"},"jnews_social_meta":{"fb_title":"","fb_description":"","fb_image":"","twitter_title":"","twitter_description":"","twitter_image":""},"jnews_override_counter":{"override_view_counter":"0","view_counter_number":"0","override_share_counter":"0","share_counter_number":"0","override_like_counter":"0","like_counter_number":"0","override_dislike_counter":"0","dislike_counter_number":"0"},"footnotes":""},"categories":[63,1],"tags":[1422],"class_list":["post-23234","post","type-post","status-publish","format-standard","has-post-thumbnail","hentry","category-dunya","category-son-haberler","tag-slider-manset"],"acf":[],"_links":{"self":[{"href":"https:\/\/www.turkishpost.net\/ar\/wp-json\/wp\/v2\/posts\/23234","targetHints":{"allow":["GET"]}}],"collection":[{"href":"https:\/\/www.turkishpost.net\/ar\/wp-json\/wp\/v2\/posts"}],"about":[{"href":"https:\/\/www.turkishpost.net\/ar\/wp-json\/wp\/v2\/types\/post"}],"author":[{"embeddable":true,"href":"https:\/\/www.turkishpost.net\/ar\/wp-json\/wp\/v2\/users\/2"}],"replies":[{"embeddable":true,"href":"https:\/\/www.turkishpost.net\/ar\/wp-json\/wp\/v2\/comments?post=23234"}],"version-history":[{"count":0,"href":"https:\/\/www.turkishpost.net\/ar\/wp-json\/wp\/v2\/posts\/23234\/revisions"}],"wp:featuredmedia":[{"embeddable":true,"href":"https:\/\/www.turkishpost.net\/ar\/wp-json\/wp\/v2\/media\/23235"}],"wp:attachment":[{"href":"https:\/\/www.turkishpost.net\/ar\/wp-json\/wp\/v2\/media?parent=23234"}],"wp:term":[{"taxonomy":"category","embeddable":true,"href":"https:\/\/www.turkishpost.net\/ar\/wp-json\/wp\/v2\/categories?post=23234"},{"taxonomy":"post_tag","embeddable":true,"href":"https:\/\/www.turkishpost.net\/ar\/wp-json\/wp\/v2\/tags?post=23234"}],"curies":[{"name":"wp","href":"https:\/\/api.w.org\/{rel}","templated":true}]}}