{"id":22793,"date":"2023-08-25T11:49:35","date_gmt":"2023-08-25T08:49:35","guid":{"rendered":"https:\/\/www.turkishpost.net\/ar\/?p=22793"},"modified":"2023-08-25T14:43:32","modified_gmt":"2023-08-25T11:43:32","slug":"ibbden-istanbula-yeni-metro-hatti-5-ilceden-gececek","status":"publish","type":"post","link":"https:\/\/www.turkishpost.net\/ar\/ibbden-istanbula-yeni-metro-hatti-5-ilceden-gececek\/","title":{"rendered":"\u0130BB&#8217;den \u0130stanbul&#8217;a yeni metro hatt\u0131: 5 il\u00e7eden ge\u00e7ecek"},"content":{"rendered":"<p><strong>(The Turkish Post) &#8211;<\/strong> \u0130stanbul B\u00fcy\u00fck\u015fehir Belediye Ba\u015fkan\u0131 Ekrem \u0130mamo\u011flu Atak\u00f6y-\u0130kitelli metro hatt\u0131n\u0131n a\u00e7\u0131l\u0131\u015f\u0131 i\u00e7in tarih verdi. 13 km&#8217;lik hatt\u0131n yap\u0131m\u0131nda sona gelindi\u011fini duyuran \u0130mamo\u011flu, in\u015faat hatt\u0131nda incelemelerde bulundu.<\/p>\n<p>\u0130mamo\u011flu, yap\u0131m a\u015famas\u0131nda y\u00fczde 90 seviyelerine geldiklerini ifade ederken, metro hatt\u0131n\u0131n daha \u00f6nce iki dura\u011f\u0131n\u0131 a\u00e7t\u0131klar\u0131n\u0131 belirterek, &#8220;\u015eimdi t\u00fcm\u00fcn\u00fc Mart 2024&#8217;te a\u00e7man\u0131n onurunu ya\u015fayaca\u011f\u0131z&#8221; dedi.<\/p>\n<h4><strong>Be\u015f il\u00e7eden ge\u00e7ecek<\/strong><\/h4>\n<p>Bak\u0131rk\u00f6y&#8217;den Ba\u015fak\u015fehir&#8217;e uzanan ve be\u015f il\u00e7eden ge\u00e7ecek hat 12 istasyondan olu\u015fuyor.<\/p>\n<p>Atak\u00f6y-\u0130kitelli aras\u0131n\u0131 21,5 dakikaya d\u00fc\u015f\u00fcrecek hatla tek y\u00f6nde saatte 35 bin yolcu ta\u015f\u0131nacak. \u0130n\u015faat\u0131na 2016&#8217;da ba\u015flanan hat, Marmaray ve di\u011fer metro hatlar\u0131yla da ba\u011flant\u0131l\u0131 olacak.<\/p>\n","protected":false},"excerpt":{"rendered":"<p>(The Turkish Post) &#8211; \u0130stanbul B\u00fcy\u00fck\u015fehir Belediye Ba\u015fkan\u0131 Ekrem \u0130mamo\u011flu Atak\u00f6y-\u0130kitelli metro hatt\u0131n\u0131n a\u00e7\u0131l\u0131\u015f\u0131 i\u00e7in tarih verdi. 13 km&#8217;lik hatt\u0131n yap\u0131m\u0131nda sona gelindi\u011fini duyuran \u0130mamo\u011flu, in\u015faat hatt\u0131nda incelemelerde bulundu. \u0130mamo\u011flu, yap\u0131m a\u015famas\u0131nda y\u00fczde 90 seviyelerine geldiklerini ifade ederken, metro hatt\u0131n\u0131n daha \u00f6nce iki dura\u011f\u0131n\u0131 a\u00e7t\u0131klar\u0131n\u0131 belirterek, &#8220;\u015eimdi t\u00fcm\u00fcn\u00fc Mart 2024&#8217;te a\u00e7man\u0131n onurunu ya\u015fayaca\u011f\u0131z&#8221; dedi. Be\u015f [&hellip;]<\/p>\n","protected":false},"author":9,"featured_media":22794,"comment_status":"open","ping_status":"open","sticky":false,"template":"","format":"standard","meta":{"_acf_changed":false,"jnews-multi-image_gallery":[],"jnews_single_post":{"source_name":"T24","source_url":"https:\/\/t24.com.tr\/haber\/ibb-den-istanbul-a-yeni-metro-hatti-5-ilceden-gececek,1126856","via_name":"","via_url":"","override_template":"0","override":[{"template":"1","single_blog_custom":"","parallax":"1","fullscreen":"1","layout":"right-sidebar","sidebar":"default-sidebar","second_sidebar":"default-sidebar","sticky_sidebar":"1","share_position":"topbottom","share_float_style":"share-monocrhome","show_share_counter":"0","show_view_counter":"0","show_featured":"1","show_post_meta":"1","show_post_author":"0","show_post_author_image":"1","show_post_date":"1","post_date_format":"default","post_date_format_custom":"Y\/m\/d","show_post_category":"0","show_post_reading_time":"1","post_reading_time_wpm":"300","show_zoom_button":"1","zoom_button_out_step":"4","zoom_button_in_step":"4","show_post_tag":"1","show_prev_next_post":"0","show_popup_post":"1","number_popup_post":"2","show_author_box":"1","show_post_related":"1","show_inline_post_related":"0"}],"override_image_size":"0","image_override":[{"single_post_thumbnail_size":"crop-715","single_post_gallery_size":"crop-500"}],"trending_post":"0","trending_post_position":"meta","trending_post_label":"Trending","sponsored_post":"0","sponsored_post_label":"Sponsored by","sponsored_post_name":"","sponsored_post_url":"","sponsored_post_logo_enable":"0","sponsored_post_logo":"","sponsored_post_desc":"","disable_ad":"0"},"jnews_primary_category":{"id":"8","hide":""},"jnews_override_bookmark_settings":{"override_bookmark_button":"0","override_show_bookmark_button":"0"},"jnews_social_meta":{"fb_title":"","fb_description":"","fb_image":"","twitter_title":"","twitter_description":"","twitter_image":""},"jnews_override_counter":{"override_view_counter":"0","view_counter_number":"0","override_share_counter":"0","share_counter_number":"0","override_like_counter":"0","like_counter_number":"0","override_dislike_counter":"0","dislike_counter_number":"0"},"footnotes":""},"categories":[8,1],"tags":[1422],"class_list":["post-22793","post","type-post","status-publish","format-standard","has-post-thumbnail","hentry","category-turkiye","category-son-haberler","tag-slider-manset"],"acf":[],"_links":{"self":[{"href":"https:\/\/www.turkishpost.net\/ar\/wp-json\/wp\/v2\/posts\/22793","targetHints":{"allow":["GET"]}}],"collection":[{"href":"https:\/\/www.turkishpost.net\/ar\/wp-json\/wp\/v2\/posts"}],"about":[{"href":"https:\/\/www.turkishpost.net\/ar\/wp-json\/wp\/v2\/types\/post"}],"author":[{"embeddable":true,"href":"https:\/\/www.turkishpost.net\/ar\/wp-json\/wp\/v2\/users\/9"}],"replies":[{"embeddable":true,"href":"https:\/\/www.turkishpost.net\/ar\/wp-json\/wp\/v2\/comments?post=22793"}],"version-history":[{"count":0,"href":"https:\/\/www.turkishpost.net\/ar\/wp-json\/wp\/v2\/posts\/22793\/revisions"}],"wp:featuredmedia":[{"embeddable":true,"href":"https:\/\/www.turkishpost.net\/ar\/wp-json\/wp\/v2\/media\/22794"}],"wp:attachment":[{"href":"https:\/\/www.turkishpost.net\/ar\/wp-json\/wp\/v2\/media?parent=22793"}],"wp:term":[{"taxonomy":"category","embeddable":true,"href":"https:\/\/www.turkishpost.net\/ar\/wp-json\/wp\/v2\/categories?post=22793"},{"taxonomy":"post_tag","embeddable":true,"href":"https:\/\/www.turkishpost.net\/ar\/wp-json\/wp\/v2\/tags?post=22793"}],"curies":[{"name":"wp","href":"https:\/\/api.w.org\/{rel}","templated":true}]}}