{"id":22784,"date":"2023-08-25T11:36:42","date_gmt":"2023-08-25T08:36:42","guid":{"rendered":"https:\/\/www.turkishpost.net\/ar\/?p=22784"},"modified":"2023-08-25T11:36:42","modified_gmt":"2023-08-25T08:36:42","slug":"havayolu-sirketinden-gorulmemis-uygulama-artik-yolcularini-da-tartacak","status":"publish","type":"post","link":"https:\/\/www.turkishpost.net\/ar\/havayolu-sirketinden-gorulmemis-uygulama-artik-yolcularini-da-tartacak\/","title":{"rendered":"Havayolu \u015firketinden g\u00f6r\u00fclmemi\u015f uygulama: Art\u0131k yolcular\u0131n\u0131 da tartacak"},"content":{"rendered":"<p><strong>(The Turkish Post) &#8211;<\/strong> Kore Havayollar\u0131 Korean Air, ilgin\u00e7 bir uygulamayla yolcular\u0131n da tart\u0131laca\u011f\u0131n\u0131 duyurdu. Havayolu, yolcular\u0131n ve bagajlar\u0131n isimsiz olarak tart\u0131laca\u011f\u0131n\u0131, yolcular\u0131n tart\u0131ya \u00e7\u0131kmamay\u0131 tercih edebileceklerini de s\u00f6yledi.<\/p>\n<p>Kore&#8217;nin en b\u00fcy\u00fck havayolu \u015firketi olan Korean Air, bir g\u00fcncelleme i\u00e7in yolculara ka\u00e7 kilo olduklar\u0131n\u0131n sorulaca\u011f\u0131n\u0131 s\u00f6yledi.<\/p>\n<p>A\u015f\u0131r\u0131 kilolu yolcular hala u\u00e7abilecekler elbette ancak bu bilginin u\u00e7u\u015f g\u00fcvenli\u011fi i\u00e7in gerekli oldu\u011fu belirtildi.<\/p>\n<p>Havayolu \u015firketinin web sitesinde yap\u0131lan duyuru sonras\u0131 tepkiler de gecikmedi. Fakat \u015firket bu uygulaman\u0131n yerel yasalara uygun oldu\u011funu belirterek, &#8220;Korean Air, u\u00e7u\u015f g\u00fcvenli\u011fi i\u00e7in yolcular\u0131n ortalama a\u011f\u0131rl\u0131\u011f\u0131n\u0131 el bagajlar\u0131yla birlikte \u00f6l\u00e7ecek.&#8221; dedi.<\/p>\n<p>Buna g\u00f6re havayolu \u00e7al\u0131\u015fanlar\u0131, 28 A\u011fustos&#8217;tan 6 Eyl\u00fcl&#8217;e kadar G\u00fcney Kore&#8217;deki Gimpo Havaliman\u0131&#8217;ndan i\u00e7 hat u\u00e7u\u015flar\u0131nda yolcular\u0131 tartmaya ba\u015flayacak.<\/p>\n<p>Ayr\u0131ca 8-19 Eyl\u00fcl tarihleri \u200b\u200baras\u0131nda Incheon Uluslararas\u0131 Havaliman\u0131&#8217;nda da yolcular tart\u0131lacak.<\/p>\n<p>Ula\u015ft\u0131rma Bakanl\u0131\u011f\u0131&#8217;n\u0131n &#8220;U\u00e7ak A\u011f\u0131rl\u0131\u011f\u0131 ve Denge Y\u00f6netimi Standartlar\u0131n\u0131&#8221; g\u00fcncellemek i\u00e7in bu verilere ihtiya\u00e7 duydu\u011fu ve bu verileri sa\u011flamak \u00fczere yolcular\u0131n tart\u0131ld\u0131\u011f\u0131 kaydediliyor.<\/p>\n<p>Bakanl\u0131k da havayollar\u0131n\u0131n her be\u015f y\u0131lda bir standart yolcu a\u011f\u0131rl\u0131klar\u0131n\u0131 hesaplamak zorunda oldu\u011funu ve ortalaman\u0131n u\u00e7aklardaki a\u011f\u0131rl\u0131k da\u011f\u0131l\u0131m\u0131n\u0131 belirlemeye yard\u0131mc\u0131 oldu\u011funu bildirdi.<\/p>\n<h4><strong>Veriler anonim olacak, istemeyen tart\u0131lmayacak<\/strong><\/h4>\n<p>Bir havayolu yetkilisinin yapt\u0131\u011f\u0131 a\u00e7\u0131klamada, &#8220;Korean Air yolcular\u0131ndan her bini\u015f kap\u0131s\u0131nda yanlar\u0131ndaki e\u015fyalarla birlikte tart\u0131ya \u00e7\u0131kmalar\u0131n\u0131 isteyecek. Anonim olarak toplanan veriler anket amac\u0131yla kullan\u0131lacak ve fazla kilolu yolcular\u0131n daha fazla \u00f6deme yapmas\u0131 gerekti\u011fi anlam\u0131na gelmeyecek.&#8221; dedi.<\/p>\n<p>Havayolu, yolcular\u0131n ve bagajlar\u0131n isimsiz olarak tart\u0131laca\u011f\u0131n\u0131, yolcular\u0131n tart\u0131ya \u00e7\u0131kmamay\u0131 tercih edebileceklerini de s\u00f6yledi.<\/p>\n<h4><strong>Daha \u00f6nce Yeni Zelanda&#8217;da uygulanm\u0131\u015ft\u0131<\/strong><\/h4>\n<p>Bu y\u0131l i\u00e7erisinde Air New Zealand da yolculardan bir a\u011f\u0131rl\u0131k anketine kat\u0131lmalar\u0131n\u0131 istemi\u015fti.\u00a0 May\u0131s ay\u0131n\u0131n sonlar\u0131nda ba\u015flayan anket Temmuz ay\u0131 ba\u015flar\u0131nda sona erdi.<\/p>\n<p>Yeni Zelanda \u015firketi de uygulaman\u0131n &#8220;u\u00e7a\u011f\u0131n g\u00fcvenli ve verimli \u00e7al\u0131\u015fmas\u0131 i\u00e7in gerekli&#8221; oldu\u011funu ve Sivil Havac\u0131l\u0131k Otoritesi taraf\u0131ndan talep edildi\u011fini duyurmu\u015ftu.<\/p>\n","protected":false},"excerpt":{"rendered":"<p>(The Turkish Post) &#8211; Kore Havayollar\u0131 Korean Air, ilgin\u00e7 bir uygulamayla yolcular\u0131n da tart\u0131laca\u011f\u0131n\u0131 duyurdu. Havayolu, yolcular\u0131n ve bagajlar\u0131n isimsiz olarak tart\u0131laca\u011f\u0131n\u0131, yolcular\u0131n tart\u0131ya \u00e7\u0131kmamay\u0131 tercih edebileceklerini de s\u00f6yledi. Kore&#8217;nin en b\u00fcy\u00fck havayolu \u015firketi olan Korean Air, bir g\u00fcncelleme i\u00e7in yolculara ka\u00e7 kilo olduklar\u0131n\u0131n sorulaca\u011f\u0131n\u0131 s\u00f6yledi. A\u015f\u0131r\u0131 kilolu yolcular hala u\u00e7abilecekler elbette ancak bu bilginin [&hellip;]<\/p>\n","protected":false},"author":9,"featured_media":22787,"comment_status":"open","ping_status":"open","sticky":false,"template":"","format":"standard","meta":{"_acf_changed":false,"jnews-multi-image_gallery":[],"jnews_single_post":{"source_name":"euronews","source_url":"","via_name":"","via_url":"","override_template":"0","override":[{"template":"1","single_blog_custom":"","parallax":"1","fullscreen":"1","layout":"right-sidebar","sidebar":"default-sidebar","second_sidebar":"default-sidebar","sticky_sidebar":"1","share_position":"topbottom","share_float_style":"share-monocrhome","show_share_counter":"0","show_view_counter":"0","show_featured":"1","show_post_meta":"1","show_post_author":"0","show_post_author_image":"1","show_post_date":"1","post_date_format":"default","post_date_format_custom":"Y\/m\/d","show_post_category":"0","show_post_reading_time":"1","post_reading_time_wpm":"300","show_zoom_button":"1","zoom_button_out_step":"4","zoom_button_in_step":"4","show_post_tag":"1","show_prev_next_post":"0","show_popup_post":"1","number_popup_post":"2","show_author_box":"1","show_post_related":"1","show_inline_post_related":"0"}],"override_image_size":"0","image_override":[{"single_post_thumbnail_size":"crop-715","single_post_gallery_size":"crop-500"}],"trending_post":"0","trending_post_position":"meta","trending_post_label":"Trending","sponsored_post":"0","sponsored_post_label":"Sponsored by","sponsored_post_name":"","sponsored_post_url":"","sponsored_post_logo_enable":"0","sponsored_post_logo":"","sponsored_post_desc":"","disable_ad":"0"},"jnews_primary_category":{"id":"63","hide":""},"jnews_override_bookmark_settings":{"override_bookmark_button":"0","override_show_bookmark_button":"0"},"jnews_social_meta":{"fb_title":"","fb_description":"","fb_image":"","twitter_title":"","twitter_description":"","twitter_image":""},"jnews_override_counter":{"override_view_counter":"0","view_counter_number":"0","override_share_counter":"0","share_counter_number":"0","override_like_counter":"0","like_counter_number":"0","override_dislike_counter":"0","dislike_counter_number":"0"},"footnotes":""},"categories":[63,1],"tags":[6513,6512,1422,6514],"class_list":["post-22784","post","type-post","status-publish","format-standard","has-post-thumbnail","hentry","category-dunya","category-son-haberler","tag-guney-kore-havayollari","tag-koream-air","tag-slider-manset","tag-yolcu-tartilmasi"],"acf":[],"_links":{"self":[{"href":"https:\/\/www.turkishpost.net\/ar\/wp-json\/wp\/v2\/posts\/22784","targetHints":{"allow":["GET"]}}],"collection":[{"href":"https:\/\/www.turkishpost.net\/ar\/wp-json\/wp\/v2\/posts"}],"about":[{"href":"https:\/\/www.turkishpost.net\/ar\/wp-json\/wp\/v2\/types\/post"}],"author":[{"embeddable":true,"href":"https:\/\/www.turkishpost.net\/ar\/wp-json\/wp\/v2\/users\/9"}],"replies":[{"embeddable":true,"href":"https:\/\/www.turkishpost.net\/ar\/wp-json\/wp\/v2\/comments?post=22784"}],"version-history":[{"count":0,"href":"https:\/\/www.turkishpost.net\/ar\/wp-json\/wp\/v2\/posts\/22784\/revisions"}],"wp:featuredmedia":[{"embeddable":true,"href":"https:\/\/www.turkishpost.net\/ar\/wp-json\/wp\/v2\/media\/22787"}],"wp:attachment":[{"href":"https:\/\/www.turkishpost.net\/ar\/wp-json\/wp\/v2\/media?parent=22784"}],"wp:term":[{"taxonomy":"category","embeddable":true,"href":"https:\/\/www.turkishpost.net\/ar\/wp-json\/wp\/v2\/categories?post=22784"},{"taxonomy":"post_tag","embeddable":true,"href":"https:\/\/www.turkishpost.net\/ar\/wp-json\/wp\/v2\/tags?post=22784"}],"curies":[{"name":"wp","href":"https:\/\/api.w.org\/{rel}","templated":true}]}}