{"id":22023,"date":"2023-08-22T12:50:14","date_gmt":"2023-08-22T09:50:14","guid":{"rendered":"https:\/\/www.turkishpost.net\/ar\/?p=22023"},"modified":"2023-08-22T17:15:30","modified_gmt":"2023-08-22T14:15:30","slug":"ced-yonetmeliginin-bazi-maddelerinin-yurutmesi-durduruldu","status":"publish","type":"post","link":"https:\/\/www.turkishpost.net\/ar\/ced-yonetmeliginin-bazi-maddelerinin-yurutmesi-durduruldu\/","title":{"rendered":"\u00c7ED y\u00f6netmeli\u011finin baz\u0131 maddelerinin y\u00fcr\u00fctmesi durduruldu"},"content":{"rendered":"<p><strong>\u00a0(The Turkish Post) &#8211;<\/strong> \u00c7evresel Etki De\u011ferlendirme Y\u00f6netmeli\u011fi&#8217;nin baz\u0131 maddeleri i\u00e7in y\u00fcr\u00fctmenin durdurulmas\u0131 karar\u0131 sebebiyle y\u00f6netmelikte de\u011fi\u015fiklik yap\u0131ld\u0131.<\/p>\n<p>\u00c7evre, \u015eehircilik ve \u0130klim De\u011fi\u015fikli\u011fi Bakanl\u0131\u011f\u0131, \u00c7evresel Etki De\u011ferlendirmesi, \u0130zin ve Denetim Genel M\u00fcd\u00fcrl\u00fc\u011f\u00fc taraf\u0131ndan yap\u0131lan yaz\u0131l\u0131 a\u00e7\u0131klamaya g\u00f6re Dan\u0131\u015ftay 6. Dairesi Ba\u015fkanl\u0131\u011f\u0131 08\/ 06\/ 2023 (E.:2023\/343) ve 16 \u015eubat 2023 (E.:2022\/7584) tarihli kararlar\u0131 ile y\u00f6netmeli\u011fin baz\u0131 maddeleri hakk\u0131nda y\u00fcr\u00fctmeyi durdurma karar\u0131 verdi.<\/p>\n<p>A\u00e7\u0131klamaya g\u00f6re,\u00a0 mahkeme karar\u0131n\u0131n yerine getirilmesi ve \u00c7ED Y\u00f6netmeli\u011fi kapsam\u0131nda y\u00fcr\u00fct\u00fclen i\u015f ve i\u015flemlerin aksamamas\u0131 i\u00e7in y\u00fcr\u00fctmesi durdurulan madde ve ifadelerin g\u00f6z \u00f6n\u00fcnde bulundurularak y\u00f6netmelikte \u00e7e\u015fitli de\u011fi\u015fiklikler yap\u0131ld\u0131. A\u00e7\u0131klamada yap\u0131lan bu de\u011fi\u015fiklikler payla\u015f\u0131l\u0131rken, proje sahiplerinin de\u011fi\u015fikliklere g\u00f6re izlemesi gereken s\u00fcre\u00e7leri de belirtildi.<\/p>\n<p>Bununla birlikte a\u00e7\u0131klamada de\u011fi\u015fiklikler hakk\u0131nda bakanl\u0131\u011f\u0131n ta\u015fra te\u015fkilatlar\u0131n\u0131n 10 A\u011fustos 2023 tarihinde bilgilendirildi\u011fi, bu tarihten \u00f6nce ba\u015fvurusu yap\u0131lm\u0131\u015f olan (Ek-1, Ek-2, g\u00f6r\u00fc\u015f talebi) projelerin i\u015f ve i\u015flemlerinin de mevcut haliyle devam ettirilece\u011fi bildirildi.<\/p>\n","protected":false},"excerpt":{"rendered":"<p>\u00a0(The Turkish Post) &#8211; \u00c7evresel Etki De\u011ferlendirme Y\u00f6netmeli\u011fi&#8217;nin baz\u0131 maddeleri i\u00e7in y\u00fcr\u00fctmenin durdurulmas\u0131 karar\u0131 sebebiyle y\u00f6netmelikte de\u011fi\u015fiklik yap\u0131ld\u0131. \u00c7evre, \u015eehircilik ve \u0130klim De\u011fi\u015fikli\u011fi Bakanl\u0131\u011f\u0131, \u00c7evresel Etki De\u011ferlendirmesi, \u0130zin ve Denetim Genel M\u00fcd\u00fcrl\u00fc\u011f\u00fc taraf\u0131ndan yap\u0131lan yaz\u0131l\u0131 a\u00e7\u0131klamaya g\u00f6re Dan\u0131\u015ftay 6. Dairesi Ba\u015fkanl\u0131\u011f\u0131 08\/ 06\/ 2023 (E.:2023\/343) ve 16 \u015eubat 2023 (E.:2022\/7584) tarihli kararlar\u0131 ile y\u00f6netmeli\u011fin baz\u0131 [&hellip;]<\/p>\n","protected":false},"author":8,"featured_media":22030,"comment_status":"open","ping_status":"open","sticky":false,"template":"","format":"standard","meta":{"_acf_changed":false,"jnews-multi-image_gallery":[],"jnews_single_post":{"source_name":"","source_url":"","via_name":"","via_url":"","override_template":"0","override":[{"template":"1","single_blog_custom":"","parallax":"1","fullscreen":"1","layout":"right-sidebar","sidebar":"default-sidebar","second_sidebar":"default-sidebar","sticky_sidebar":"1","share_position":"topbottom","share_float_style":"share-monocrhome","show_share_counter":"0","show_view_counter":"0","show_featured":"1","show_post_meta":"1","show_post_author":"0","show_post_author_image":"1","show_post_date":"1","post_date_format":"default","post_date_format_custom":"Y\/m\/d","show_post_category":"0","show_post_reading_time":"1","post_reading_time_wpm":"300","show_zoom_button":"1","zoom_button_out_step":"4","zoom_button_in_step":"4","show_post_tag":"1","show_prev_next_post":"0","show_popup_post":"1","number_popup_post":"2","show_author_box":"1","show_post_related":"1","show_inline_post_related":"0"}],"override_image_size":"0","image_override":[{"single_post_thumbnail_size":"crop-715","single_post_gallery_size":"crop-500"}],"trending_post":"0","trending_post_position":"meta","trending_post_label":"Trending","sponsored_post":"0","sponsored_post_label":"Sponsored by","sponsored_post_name":"","sponsored_post_url":"","sponsored_post_logo_enable":"0","sponsored_post_logo":"","sponsored_post_desc":"","disable_ad":"0"},"jnews_primary_category":{"id":"8","hide":""},"jnews_override_bookmark_settings":{"override_bookmark_button":"0","override_show_bookmark_button":"0"},"jnews_social_meta":{"fb_title":"","fb_description":"","fb_image":"","twitter_title":"","twitter_description":"","twitter_image":""},"jnews_override_counter":{"override_view_counter":"0","view_counter_number":"0","override_share_counter":"0","share_counter_number":"0","override_like_counter":"0","like_counter_number":"0","override_dislike_counter":"0","dislike_counter_number":"0"},"footnotes":""},"categories":[8,1],"tags":[1422],"class_list":["post-22023","post","type-post","status-publish","format-standard","has-post-thumbnail","hentry","category-turkiye","category-son-haberler","tag-slider-manset"],"acf":[],"_links":{"self":[{"href":"https:\/\/www.turkishpost.net\/ar\/wp-json\/wp\/v2\/posts\/22023","targetHints":{"allow":["GET"]}}],"collection":[{"href":"https:\/\/www.turkishpost.net\/ar\/wp-json\/wp\/v2\/posts"}],"about":[{"href":"https:\/\/www.turkishpost.net\/ar\/wp-json\/wp\/v2\/types\/post"}],"author":[{"embeddable":true,"href":"https:\/\/www.turkishpost.net\/ar\/wp-json\/wp\/v2\/users\/8"}],"replies":[{"embeddable":true,"href":"https:\/\/www.turkishpost.net\/ar\/wp-json\/wp\/v2\/comments?post=22023"}],"version-history":[{"count":0,"href":"https:\/\/www.turkishpost.net\/ar\/wp-json\/wp\/v2\/posts\/22023\/revisions"}],"wp:featuredmedia":[{"embeddable":true,"href":"https:\/\/www.turkishpost.net\/ar\/wp-json\/wp\/v2\/media\/22030"}],"wp:attachment":[{"href":"https:\/\/www.turkishpost.net\/ar\/wp-json\/wp\/v2\/media?parent=22023"}],"wp:term":[{"taxonomy":"category","embeddable":true,"href":"https:\/\/www.turkishpost.net\/ar\/wp-json\/wp\/v2\/categories?post=22023"},{"taxonomy":"post_tag","embeddable":true,"href":"https:\/\/www.turkishpost.net\/ar\/wp-json\/wp\/v2\/tags?post=22023"}],"curies":[{"name":"wp","href":"https:\/\/api.w.org\/{rel}","templated":true}]}}