{"id":19799,"date":"2023-08-10T09:34:00","date_gmt":"2023-08-10T06:34:00","guid":{"rendered":"https:\/\/www.turkishpost.net\/ar\/?p=19799"},"modified":"2023-08-10T09:34:00","modified_gmt":"2023-08-10T06:34:00","slug":"valiler-kararnamesi-yayinlandi-57-ilin-valisi-degisti","status":"publish","type":"post","link":"https:\/\/www.turkishpost.net\/ar\/valiler-kararnamesi-yayinlandi-57-ilin-valisi-degisti\/","title":{"rendered":"Valiler kararnamesi yay\u0131nland\u0131: 57 ilin valisi de\u011fi\u015fti"},"content":{"rendered":"<p><strong>(The Turkish Post) &#8211;<\/strong> Resmi Gazete&#8217;de Cumhurba\u015fkan\u0131 Erdo\u011fan&#8217;\u0131n imzas\u0131yla yay\u0131mlanan kararla, 57 ilin valisi de\u011fi\u015fti, 16 vali m\u00fclkiye ba\u015fm\u00fcfetti\u015fi olarak atand\u0131. Al\u0131nan karara g\u00f6re; \u0130zmir Valisi S\u00fcleyman Elban, Adana Valisi Yavuz Selim K\u00f6\u015fger, Denizli Valisi \u00d6mer Faruk Co\u015fkun oldu. Kahramanmara\u015f merkezli depremlerden sonra en \u00e7ok ele\u015ftirilen kurumlar\u0131n ba\u015f\u0131nda gelen AFAD&#8217;\u0131n Ba\u015fkan\u0131 Yunus Sezer ise Edirne Valisi oldu.\u00a0 16 vali m\u00fclkiye ba\u015fm\u00fcfetti\u015fi olarak atand\u0131. B\u00f6ylece toplam 73 valinin g\u00f6rev yeri de\u011fi\u015fmi\u015f oldu.<\/p>\n<p><strong>AFAD BA\u015eKANI SEZER, ED\u0130RNE VAL\u0130S\u0130 OLDU<\/strong><\/p>\n<p>Adana Valisi S\u00fcleyman Elban, \u0130zmir Valisi olarak atand\u0131, Yavuz Selim K\u00f6\u015fger de Adana Valisi oldu. Mu\u011fla Valisi Orhan Tavl\u0131 Samsun Valisi olarak atand\u0131.<\/p>\n<p>Kahramanmara\u015f merkezli depremlerden sonra en \u00e7ok ele\u015ftirilen kurumlar\u0131n ba\u015f\u0131nda gelen AFAD&#8217;\u0131n Ba\u015fkan\u0131 Yunus Sezer ise Edirne Valisi oldu. 5 Temmuz\u2019da TBMM Genel Sekreterli\u011fi g\u00f6revini devreden Ali Kumbuzo\u011flu Aksaray Valili\u011fi\u2019ne atand\u0131.<\/p>\n<p><strong>SOYLU&#8217;YA YAKIN \u0130S\u0130MLER MERKEZE \u00c7EK\u0130LD\u0130<\/strong><\/p>\n<p>Ankara kulislerinde, eski \u0130\u00e7i\u015fleri Bakan\u0131 S\u00fcleyman Soylu\u2019yla yak\u0131n oldu\u011fu konu\u015fulan isimlerden Denizli Valisi Ali Fuat Atik, \u015e\u0131rnak Valisi Osman Bilgin, Ordu Valisi Tuncay Sonel, Sakarya Valisi \u00c7etin Oktay Kald\u0131r\u0131m merkeze \u00e7ekilen valiler aras\u0131nda yer ald\u0131. Erzurum Valisi Veli Okay Memi\u015f&#8217;in yerine ise Mustafa \u00c7ift\u00e7i atand\u0131. Memi\u015f, \u0130stanbul B\u00fcy\u00fck\u015fehir Belediye Ba\u015fkan\u0131 Ekrem \u0130mamo\u011flu\u2019nun Erzurum mitinginde se\u00e7im otob\u00fcs\u00fcn\u00fcn ta\u015fl\u0131 sald\u0131r\u0131ya u\u011frad\u0131\u011f\u0131 d\u00f6nem Erzurum Valisi olarak g\u00f6rev yap\u0131yordu. Denizli Valisi Ali Fuat Atik, Urfa Valisi Salih Ayhan ve Erzurum Valisi Veli Okay Memi\u015f merkeze \u00e7ekilen isimlerden oldu.<\/p>\n<h4>Kararnamedeki atamalar \u015f\u00f6yle:<\/h4>\n<p>\u2022 Adana Valisi S\u00fcleyman Elban \u0130zmir Valili\u011fine,<\/p>\n<p>\u2022Malatya Valisi Hulusi \u015eahin Antalya Valili\u011fine,<\/p>\n<p>\u2022Mardin Valisi Mahmut Demirta\u015f Bursa Valili\u011fine,<\/p>\n<p>\u2022Tekirda\u011f Valisi Aziz Y\u0131ld\u0131r\u0131m Trabzon Valili\u011fine,<\/p>\n<p>\u2022\u0130zmir Valisi Yavuz Selim K\u00f6\u015fger Adana Valili\u011fine<\/p>\n<p>\u2022Mu\u011fla Valisi Orhan Tavl\u0131 Samsun Valili\u011fine,<\/p>\n<p>\u2022Samsun Valisi Z\u00fclkif Da\u011fl\u0131 \u00c7orum Valili\u011fine,<\/p>\n<p>\u2022AFAD Ba\u015fkan\u0131 Yunus Sezer Edirne Valili\u011fine,<\/p>\n<p>\u2022Aksaray Valisi Hamza Aydo\u011fdu Erzincan Valili\u011fine,<\/p>\n<p>\u2022Antalya Valisi Ersin Yaz\u0131c\u0131 Malatya Valili\u011fine,<\/p>\n<p>\u2022Hulusi \u015eahin Antalya Valili\u011fine,<\/p>\n<p>\u2022Cevdet Atay \u015e\u0131rnak Valili\u011fine,<\/p>\n<p>\u2022Ya\u015far Karadeniz Sakarya Valili\u011fine,<\/p>\n<p>\u2022TBMM Genel Sekreteri Ali Kumbuzo\u011flu Aksaray Valili\u011fi\u2019ne atand\u0131.<\/p>\n<p>\u2022 Sakarya Valisi \u00c7etin Oktay Kald\u0131r\u0131m ve \u015e\u0131rnak Valisi Osman Bilgin, M\u00fclkiye Ba\u015fm\u00fcfetti\u015fli\u011fine atand\u0131.<\/p>\n<p>\u2022 \u0130lker G\u00fcnd\u00fcz\u00f6z, \u0130nci Sezer Becel, Abdullah Ayaz, Salih Ayhan, Ali Arslanta\u015f, Tuncay Sonel, Ali Fuat Atik, Mustafa Tutulmaz, Fuat G\u00fcrel, Oktay \u00c7a\u011fatay, Kadir Ekinci, H\u00fcseyin \u00d6ner, Kamuran Ta\u015fbilek ve C\u00fcneyt Epcim &#8220;vali-m\u00fclkiye ba\u015fm\u00fcfetti\u015fli\u011fi&#8221; g\u00f6revine getirildi.<\/p>\n<p><strong>ATAMA YAPILAN \u0130LLER<\/strong><\/p>\n<p>Vali atamas\u0131 yap\u0131lan iller; Adana, A\u011fr\u0131, Aksaray, Amasya, Antalya, Ardahan, Artvin, Ayd\u0131n, Bal\u0131kesir, Bayburt, Bilecik, Bing\u00f6l, Bitlis, Burdur, Bursa, \u00c7ank\u0131r\u0131, \u00c7orum, Denizli, D\u00fczce, Edirne, Erzincan, Erzurum, Eski\u015fehir, Giresun, G\u00fcm\u00fc\u015fhane, Hakkari, I\u011fd\u0131r, \u0130zmir, Mara\u015f, Karab\u00fck, Karaman, Kars, Kastamonu, K\u0131r\u0131kkale, Kilis, K\u00fctahya, Malatya, Manisa, Mardin, Mu\u011fla, Mu\u015f, Nev\u015fehir, Ni\u011fde, Ordu, Rize, Sakarya, Samsun, Siirt, Sinop, Urfa, \u015e\u0131rnak, Tekirda\u011f, Trabzon, Dersim, Yalova, Yozgat ve Zonguldak oldu.<\/p>\n","protected":false},"excerpt":{"rendered":"<p>(The Turkish Post) &#8211; Resmi Gazete&#8217;de Cumhurba\u015fkan\u0131 Erdo\u011fan&#8217;\u0131n imzas\u0131yla yay\u0131mlanan kararla, 57 ilin valisi de\u011fi\u015fti, 16 vali m\u00fclkiye ba\u015fm\u00fcfetti\u015fi olarak atand\u0131. Al\u0131nan karara g\u00f6re; \u0130zmir Valisi S\u00fcleyman Elban, Adana Valisi Yavuz Selim K\u00f6\u015fger, Denizli Valisi \u00d6mer Faruk Co\u015fkun oldu. Kahramanmara\u015f merkezli depremlerden sonra en \u00e7ok ele\u015ftirilen kurumlar\u0131n ba\u015f\u0131nda gelen AFAD&#8217;\u0131n Ba\u015fkan\u0131 Yunus Sezer ise Edirne [&hellip;]<\/p>\n","protected":false},"author":8,"featured_media":19801,"comment_status":"open","ping_status":"open","sticky":false,"template":"","format":"standard","meta":{"_acf_changed":false,"jnews-multi-image_gallery":[],"jnews_single_post":{"source_name":"Birg\u00fcn ","source_url":"https:\/\/www.birgun.net\/haber\/erdogan-57-ile-yeni-vali-atadi-afad-baskani-edirne-valisi-oldu-459677","via_name":"","via_url":"","override_template":"0","override":[{"template":"1","single_blog_custom":"","parallax":"1","fullscreen":"1","layout":"right-sidebar","sidebar":"default-sidebar","second_sidebar":"default-sidebar","sticky_sidebar":"1","share_position":"topbottom","share_float_style":"share-monocrhome","show_share_counter":"0","show_view_counter":"0","show_featured":"1","show_post_meta":"1","show_post_author":"0","show_post_author_image":"1","show_post_date":"1","post_date_format":"default","post_date_format_custom":"Y\/m\/d","show_post_category":"0","show_post_reading_time":"1","post_reading_time_wpm":"300","show_zoom_button":"1","zoom_button_out_step":"4","zoom_button_in_step":"4","show_post_tag":"1","show_prev_next_post":"0","show_popup_post":"1","number_popup_post":"2","show_author_box":"1","show_post_related":"1","show_inline_post_related":"0"}],"override_image_size":"0","image_override":[{"single_post_thumbnail_size":"crop-715","single_post_gallery_size":"crop-500"}],"trending_post":"0","trending_post_position":"meta","trending_post_label":"Trending","sponsored_post":"0","sponsored_post_label":"Sponsored by","sponsored_post_name":"","sponsored_post_url":"","sponsored_post_logo_enable":"0","sponsored_post_logo":"","sponsored_post_desc":"","disable_ad":"0"},"jnews_primary_category":{"id":"8","hide":""},"jnews_override_bookmark_settings":{"override_bookmark_button":"0","override_show_bookmark_button":"0"},"jnews_social_meta":{"fb_title":"","fb_description":"","fb_image":"","twitter_title":"","twitter_description":"","twitter_image":""},"jnews_override_counter":{"override_view_counter":"0","view_counter_number":"0","override_share_counter":"0","share_counter_number":"0","override_like_counter":"0","like_counter_number":"0","override_dislike_counter":"0","dislike_counter_number":"0"},"footnotes":""},"categories":[8,1],"tags":[5886,1422,5885,5887],"class_list":["post-19799","post","type-post","status-publish","format-standard","has-post-thumbnail","hentry","category-turkiye","category-son-haberler","tag-kararnamesi","tag-slider-manset","tag-valiler","tag-yayinlandi"],"acf":[],"_links":{"self":[{"href":"https:\/\/www.turkishpost.net\/ar\/wp-json\/wp\/v2\/posts\/19799","targetHints":{"allow":["GET"]}}],"collection":[{"href":"https:\/\/www.turkishpost.net\/ar\/wp-json\/wp\/v2\/posts"}],"about":[{"href":"https:\/\/www.turkishpost.net\/ar\/wp-json\/wp\/v2\/types\/post"}],"author":[{"embeddable":true,"href":"https:\/\/www.turkishpost.net\/ar\/wp-json\/wp\/v2\/users\/8"}],"replies":[{"embeddable":true,"href":"https:\/\/www.turkishpost.net\/ar\/wp-json\/wp\/v2\/comments?post=19799"}],"version-history":[{"count":0,"href":"https:\/\/www.turkishpost.net\/ar\/wp-json\/wp\/v2\/posts\/19799\/revisions"}],"wp:featuredmedia":[{"embeddable":true,"href":"https:\/\/www.turkishpost.net\/ar\/wp-json\/wp\/v2\/media\/19801"}],"wp:attachment":[{"href":"https:\/\/www.turkishpost.net\/ar\/wp-json\/wp\/v2\/media?parent=19799"}],"wp:term":[{"taxonomy":"category","embeddable":true,"href":"https:\/\/www.turkishpost.net\/ar\/wp-json\/wp\/v2\/categories?post=19799"},{"taxonomy":"post_tag","embeddable":true,"href":"https:\/\/www.turkishpost.net\/ar\/wp-json\/wp\/v2\/tags?post=19799"}],"curies":[{"name":"wp","href":"https:\/\/api.w.org\/{rel}","templated":true}]}}