{"id":18594,"date":"2023-08-04T09:29:10","date_gmt":"2023-08-04T06:29:10","guid":{"rendered":"https:\/\/www.turkishpost.net\/ar\/?p=18594"},"modified":"2023-08-04T09:29:10","modified_gmt":"2023-08-04T06:29:10","slug":"cekya-cumhurbaskani-kasksiz-motosiklet-kullanirken-yakalandi","status":"publish","type":"post","link":"https:\/\/www.turkishpost.net\/ar\/cekya-cumhurbaskani-kasksiz-motosiklet-kullanirken-yakalandi\/","title":{"rendered":"\u00c7ekya Cumhurba\u015fkan\u0131 kasks\u0131z motosiklet kullan\u0131rken yakaland\u0131"},"content":{"rendered":"<p><strong>(The Turkish Post) &#8211;<\/strong> Kask ve koruyucu giysiler olmadan motosiklet kulland\u0131\u011f\u0131 ortaya \u00e7\u0131kan \u00c7ekya Cumhurba\u015fkan\u0131 Petr Pavel \u00f6z\u00fcr diledi.<\/p>\n<p>Pavel, cep telefonuyla \u00e7ekilmi\u015f g\u00f6r\u00fcnt\u00fclerinin CNN Prima News televizyon kanal\u0131nda yay\u0131nlanmas\u0131ndan sonra yapt\u0131\u011f\u0131 a\u00e7\u0131klamada, kasks\u0131z motosiklet kulland\u0131\u011f\u0131n\u0131 do\u011frulad\u0131, &#8220;Hatam\u0131 kabul ediyorum ve bu a\u00e7\u0131k trafik ihlali i\u00e7in \u00f6z\u00fcr diliyorum&#8221; dedi.<\/p>\n<p>Motosiklet tutkunu oldu\u011fu bilinen ve baz\u0131 resmi seyahatlerine de kendi kulland\u0131\u011f\u0131 motosikletiyle giden 61 ya\u015f\u0131ndaki Pavel, o g\u00fcn sadece motosikletinin lastiklerini \u015fi\u015firmek i\u00e7in benzin istasyonuna &#8220;k\u0131sa bir yolculuk&#8221; yapt\u0131\u011f\u0131n\u0131 savundu.<\/p>\n<p>Videoda, Cumhurba\u015fkan\u0131n\u0131n \u015fortla oldu\u011fu g\u00f6r\u00fcn\u00fcyor.<\/p>\n<h4><strong>Hatas\u0131n\u0131 telafi edecek<\/strong><\/h4>\n<p>Hatas\u0131n\u0131 kabul eden Pavel, bunu telafi edece\u011fini de vurgulad\u0131.<\/p>\n<p>Pavel, kaza sonucu engelli duruma d\u00fc\u015fen ve tekerlekli sandalyeye muhta\u00e7 olan motosiklet s\u00fcr\u00fcc\u00fcleri i\u00e7in d\u00fczenlenen bir ba\u011f\u0131\u015f etkinli\u011fine kat\u0131laca\u011f\u0131n\u0131 ve &#8220;bu t\u00fcr durumlarda al\u0131\u015f\u0131lageldi\u011finden daha y\u00fcksek bir miktarda ba\u011f\u0131\u015f yapaca\u011f\u0131n\u0131&#8221; s\u00f6yledi.<\/p>\n<p>Cumhurba\u015fkan\u0131n\u0131n kasks\u0131z ve koruyucu giysiler olmadan motosiklet kullanmas\u0131n\u0131 ele\u015ftiren ula\u015f\u0131m ve trafik g\u00fcvenli\u011fi uzmanlar\u0131, bu davran\u0131\u015f\u0131n gen\u00e7ler i\u00e7in k\u00f6t\u00fc bir \u00f6rnek olu\u015fturdu\u011funu belirttiler.<\/p>\n<p>Pavel, \u00c7ekya yasalar\u0131na g\u00f6re dokunulmazl\u0131\u011f\u0131 nedeniyle bu t\u00fcr su\u00e7lardan dolay\u0131 cezaland\u0131r\u0131lam\u0131yor. \u00c7ekya&#8217;da cumhurba\u015fkanlar\u0131 yaln\u0131zca vatana ihanet ve anayasaya kar\u015f\u0131 ciddi su\u00e7lar i\u015flemeleri durumunda cezaland\u0131r\u0131labiliyor.<\/p>\n<p>Eski Genelkurmay Ba\u015fkan\u0131 Pavel, Mart ay\u0131n\u0131n ba\u015f\u0131ndan beri Avrupa Birli\u011fi (AB) ve NATO \u00fcyesi \u00c7ekya&#8217;y\u0131 y\u00f6netiyor.<\/p>\n<p>&nbsp;<\/p>\n","protected":false},"excerpt":{"rendered":"<p>(The Turkish Post) &#8211; Kask ve koruyucu giysiler olmadan motosiklet kulland\u0131\u011f\u0131 ortaya \u00e7\u0131kan \u00c7ekya Cumhurba\u015fkan\u0131 Petr Pavel \u00f6z\u00fcr diledi. Pavel, cep telefonuyla \u00e7ekilmi\u015f g\u00f6r\u00fcnt\u00fclerinin CNN Prima News televizyon kanal\u0131nda yay\u0131nlanmas\u0131ndan sonra yapt\u0131\u011f\u0131 a\u00e7\u0131klamada, kasks\u0131z motosiklet kulland\u0131\u011f\u0131n\u0131 do\u011frulad\u0131, &#8220;Hatam\u0131 kabul ediyorum ve bu a\u00e7\u0131k trafik ihlali i\u00e7in \u00f6z\u00fcr diliyorum&#8221; dedi. Motosiklet tutkunu oldu\u011fu bilinen ve baz\u0131 [&hellip;]<\/p>\n","protected":false},"author":2,"featured_media":18608,"comment_status":"open","ping_status":"open","sticky":false,"template":"","format":"standard","meta":{"_acf_changed":false,"jnews-multi-image_gallery":[],"jnews_single_post":{"source_name":"DW T\u00fcrk\u00e7e","source_url":"https:\/\/www.dw.com\/tr\/%C3%A7ekya-cumhurba%C5%9Fkan%C4%B1-kasks%C4%B1z-motosiklet-kullan%C4%B1rken-yakaland%C4%B1\/a-66434903","via_name":"","via_url":"","override_template":"0","override":[{"template":"1","single_blog_custom":"","parallax":"1","fullscreen":"1","layout":"right-sidebar","sidebar":"default-sidebar","second_sidebar":"default-sidebar","sticky_sidebar":"1","share_position":"topbottom","share_float_style":"share-monocrhome","show_share_counter":"0","show_view_counter":"0","show_featured":"1","show_post_meta":"1","show_post_author":"0","show_post_author_image":"1","show_post_date":"1","post_date_format":"default","post_date_format_custom":"Y\/m\/d","show_post_category":"0","show_post_reading_time":"1","post_reading_time_wpm":"300","show_zoom_button":"1","zoom_button_out_step":"4","zoom_button_in_step":"4","show_post_tag":"1","show_prev_next_post":"0","show_popup_post":"1","number_popup_post":"2","show_author_box":"1","show_post_related":"1","show_inline_post_related":"0"}],"override_image_size":"0","image_override":[{"single_post_thumbnail_size":"crop-715","single_post_gallery_size":"crop-500"}],"trending_post":"0","trending_post_position":"meta","trending_post_label":"Trending","sponsored_post":"0","sponsored_post_label":"Sponsored by","sponsored_post_name":"","sponsored_post_url":"","sponsored_post_logo_enable":"0","sponsored_post_logo":"","sponsored_post_desc":"","disable_ad":"0"},"jnews_primary_category":{"id":"63","hide":""},"jnews_override_bookmark_settings":{"override_bookmark_button":"0","override_show_bookmark_button":"0"},"jnews_social_meta":{"fb_title":"","fb_description":"","fb_image":"","twitter_title":"","twitter_description":"","twitter_image":""},"jnews_override_counter":{"override_view_counter":"0","view_counter_number":"0","override_share_counter":"0","share_counter_number":"0","override_like_counter":"0","like_counter_number":"0","override_dislike_counter":"0","dislike_counter_number":"0"},"footnotes":""},"categories":[63,1],"tags":[5636,5638,5639,5637,1422],"class_list":["post-18594","post","type-post","status-publish","format-standard","has-post-thumbnail","hentry","category-dunya","category-son-haberler","tag-cekya-cumhurbaskani","tag-kask","tag-kasksiz","tag-petr-pavel","tag-slider-manset"],"acf":[],"_links":{"self":[{"href":"https:\/\/www.turkishpost.net\/ar\/wp-json\/wp\/v2\/posts\/18594","targetHints":{"allow":["GET"]}}],"collection":[{"href":"https:\/\/www.turkishpost.net\/ar\/wp-json\/wp\/v2\/posts"}],"about":[{"href":"https:\/\/www.turkishpost.net\/ar\/wp-json\/wp\/v2\/types\/post"}],"author":[{"embeddable":true,"href":"https:\/\/www.turkishpost.net\/ar\/wp-json\/wp\/v2\/users\/2"}],"replies":[{"embeddable":true,"href":"https:\/\/www.turkishpost.net\/ar\/wp-json\/wp\/v2\/comments?post=18594"}],"version-history":[{"count":0,"href":"https:\/\/www.turkishpost.net\/ar\/wp-json\/wp\/v2\/posts\/18594\/revisions"}],"wp:featuredmedia":[{"embeddable":true,"href":"https:\/\/www.turkishpost.net\/ar\/wp-json\/wp\/v2\/media\/18608"}],"wp:attachment":[{"href":"https:\/\/www.turkishpost.net\/ar\/wp-json\/wp\/v2\/media?parent=18594"}],"wp:term":[{"taxonomy":"category","embeddable":true,"href":"https:\/\/www.turkishpost.net\/ar\/wp-json\/wp\/v2\/categories?post=18594"},{"taxonomy":"post_tag","embeddable":true,"href":"https:\/\/www.turkishpost.net\/ar\/wp-json\/wp\/v2\/tags?post=18594"}],"curies":[{"name":"wp","href":"https:\/\/api.w.org\/{rel}","templated":true}]}}