{"id":18331,"date":"2023-08-03T09:56:25","date_gmt":"2023-08-03T06:56:25","guid":{"rendered":"https:\/\/www.turkishpost.net\/ar\/?p=18331"},"modified":"2023-08-03T09:56:25","modified_gmt":"2023-08-03T06:56:25","slug":"efsanevi-kaleci-buffon-45-yasinda-futbolu-birakti-benden-bu-kadar-beyler","status":"publish","type":"post","link":"https:\/\/www.turkishpost.net\/ar\/efsanevi-kaleci-buffon-45-yasinda-futbolu-birakti-benden-bu-kadar-beyler\/","title":{"rendered":"Efsanevi kaleci Buffon 45 ya\u015f\u0131nda futbolu b\u0131rakt\u0131: Benden bu kadar beyler"},"content":{"rendered":"<p><strong>(The Turkish Post) &#8211;<\/strong> \u0130talyan futbolunun efsanevi kalecisi Gianluigi Buffon kariyerine nokta koydu\u011funu, &#8220;Benden bu kadar beyler! Bana her \u015feyi verdiniz. Size her \u015feyi verdim&#8221; diyerek a\u00e7\u0131klad\u0131.<\/p>\n<p>Profesyonel futbol kariyerini ilk tak\u0131m\u0131 Parma\u2019da noktalayan, spor d\u00fcnyas\u0131n\u0131n istikrar abidesi Buffon ger\u00e7ekten de taraftarlar\u0131na neredeyse her \u015feyi verdi. 45 ya\u015f\u0131ndaki sporcu, 28 y\u0131ll\u0131k kariyerinde 1175 ma\u00e7ta oynad\u0131. 2006\u2019da \u0130talya D\u00fcnya Kupas\u0131\u2019n\u0131 kazand\u0131\u011f\u0131nda milli tak\u0131m\u0131n kalesini o koruyordu. \u0130talya\u2019da en fazla lig \u015fampiyonlu\u011funa, en fazla \u0130talya Kupas\u0131\u2019na eri\u015fen, en fazla D\u00fcnya Kupas\u0131\u2019na kat\u0131lan futbolcu oydu. \u00dclke tarihinde hi\u00e7bir futbolcu onun kadar milli tak\u0131m formas\u0131 giymedi (176), Serie A\u2019da onun kadar fazla ma\u00e7ta oynamad\u0131 (657).<\/p>\n<p>Yakla\u015f\u0131k 20 y\u0131l oynad\u0131\u011f\u0131 Juventus\u2019un formas\u0131n\u0131 en uzun s\u00fcre giyen oyuncu da Buffon\u2019du. 1995\u2019te Parma\u2019da profesyonel kariyerine ba\u015flayan Buffon, 2001\u2019de Juventus\u2019a transfer olmu\u015f, 2018\u2019e kadar buradan ayr\u0131lmam\u0131\u015ft\u0131. 2018-2019 sezonunda Paris Saint-Germain transferi sonras\u0131 da 2 y\u0131l daha Juventus\u2019ta oynam\u0131\u015ft\u0131.<\/p>\n<p>2021\u2019de, ilk tak\u0131m\u0131 Parma\u2019ya d\u00f6nen Buffon buradaki kontrat\u0131n\u0131n dolmas\u0131na hen\u00fcz bir y\u0131l varken futbolu b\u0131rakma karar\u0131 ald\u0131.<\/p>\n<p>Profesyonel kariyerinin ilk ma\u00e7\u0131na 19 Kas\u0131m 1995\u2019te Parma formas\u0131yla \u00e7\u0131kan Buffon, son ma\u00e7\u0131n\u0131 da 30 May\u0131s 2023\u2019te yine bu tak\u0131mla oynad\u0131. \u0130talya futbolunun zirvesini g\u00f6ren, t\u00fcm zamanlar\u0131n en iyi kalecileri aras\u0131nda say\u0131lan Buffon b\u00f6ylece vedas\u0131n\u0131 bir Serie B tak\u0131m\u0131nda yapm\u0131\u015f oldu. Buffon son sezonunda bir dizi sakatl\u0131k ya\u015fam\u0131\u015ft\u0131.<\/p>\n","protected":false},"excerpt":{"rendered":"<p>(The Turkish Post) &#8211; \u0130talyan futbolunun efsanevi kalecisi Gianluigi Buffon kariyerine nokta koydu\u011funu, &#8220;Benden bu kadar beyler! Bana her \u015feyi verdiniz. Size her \u015feyi verdim&#8221; diyerek a\u00e7\u0131klad\u0131. Profesyonel futbol kariyerini ilk tak\u0131m\u0131 Parma\u2019da noktalayan, spor d\u00fcnyas\u0131n\u0131n istikrar abidesi Buffon ger\u00e7ekten de taraftarlar\u0131na neredeyse her \u015feyi verdi. 45 ya\u015f\u0131ndaki sporcu, 28 y\u0131ll\u0131k kariyerinde 1175 ma\u00e7ta oynad\u0131. [&hellip;]<\/p>\n","protected":false},"author":2,"featured_media":18342,"comment_status":"open","ping_status":"open","sticky":false,"template":"","format":"standard","meta":{"_acf_changed":false,"jnews-multi-image_gallery":[],"jnews_single_post":{"source_name":"","source_url":"","via_name":"","via_url":"","override_template":"0","override":[{"template":"1","single_blog_custom":"","parallax":"1","fullscreen":"1","layout":"right-sidebar","sidebar":"default-sidebar","second_sidebar":"default-sidebar","sticky_sidebar":"1","share_position":"topbottom","share_float_style":"share-monocrhome","show_share_counter":"0","show_view_counter":"0","show_featured":"1","show_post_meta":"1","show_post_author":"0","show_post_author_image":"1","show_post_date":"1","post_date_format":"default","post_date_format_custom":"Y\/m\/d","show_post_category":"0","show_post_reading_time":"1","post_reading_time_wpm":"300","show_zoom_button":"1","zoom_button_out_step":"4","zoom_button_in_step":"4","show_post_tag":"1","show_prev_next_post":"0","show_popup_post":"1","number_popup_post":"2","show_author_box":"1","show_post_related":"1","show_inline_post_related":"0"}],"override_image_size":"0","image_override":[{"single_post_thumbnail_size":"crop-715","single_post_gallery_size":"crop-500"}],"trending_post":"0","trending_post_position":"meta","trending_post_label":"Trending","sponsored_post":"0","sponsored_post_label":"Sponsored by","sponsored_post_name":"","sponsored_post_url":"","sponsored_post_logo_enable":"0","sponsored_post_logo":"","sponsored_post_desc":"","disable_ad":"0"},"jnews_primary_category":{"id":"7","hide":""},"jnews_override_bookmark_settings":{"override_bookmark_button":"0","override_show_bookmark_button":"0"},"jnews_social_meta":{"fb_title":"","fb_description":"","fb_image":"","twitter_title":"","twitter_description":"","twitter_image":""},"jnews_override_counter":{"override_view_counter":"0","view_counter_number":"0","override_share_counter":"0","share_counter_number":"0","override_like_counter":"0","like_counter_number":"0","override_dislike_counter":"0","dislike_counter_number":"0"},"footnotes":""},"categories":[7,1],"tags":[5580,716],"class_list":["post-18331","post","type-post","status-publish","format-standard","has-post-thumbnail","hentry","category-spor","category-son-haberler","tag-buffon","tag-futbolu-birakti"],"acf":[],"_links":{"self":[{"href":"https:\/\/www.turkishpost.net\/ar\/wp-json\/wp\/v2\/posts\/18331","targetHints":{"allow":["GET"]}}],"collection":[{"href":"https:\/\/www.turkishpost.net\/ar\/wp-json\/wp\/v2\/posts"}],"about":[{"href":"https:\/\/www.turkishpost.net\/ar\/wp-json\/wp\/v2\/types\/post"}],"author":[{"embeddable":true,"href":"https:\/\/www.turkishpost.net\/ar\/wp-json\/wp\/v2\/users\/2"}],"replies":[{"embeddable":true,"href":"https:\/\/www.turkishpost.net\/ar\/wp-json\/wp\/v2\/comments?post=18331"}],"version-history":[{"count":0,"href":"https:\/\/www.turkishpost.net\/ar\/wp-json\/wp\/v2\/posts\/18331\/revisions"}],"wp:featuredmedia":[{"embeddable":true,"href":"https:\/\/www.turkishpost.net\/ar\/wp-json\/wp\/v2\/media\/18342"}],"wp:attachment":[{"href":"https:\/\/www.turkishpost.net\/ar\/wp-json\/wp\/v2\/media?parent=18331"}],"wp:term":[{"taxonomy":"category","embeddable":true,"href":"https:\/\/www.turkishpost.net\/ar\/wp-json\/wp\/v2\/categories?post=18331"},{"taxonomy":"post_tag","embeddable":true,"href":"https:\/\/www.turkishpost.net\/ar\/wp-json\/wp\/v2\/tags?post=18331"}],"curies":[{"name":"wp","href":"https:\/\/api.w.org\/{rel}","templated":true}]}}