{"id":18266,"date":"2023-08-02T15:21:35","date_gmt":"2023-08-02T12:21:35","guid":{"rendered":"https:\/\/www.turkishpost.net\/ar\/?p=18266"},"modified":"2023-08-02T15:21:35","modified_gmt":"2023-08-02T12:21:35","slug":"marcelo-rakibinin-ayagini-kirdi-gozyaslariyla-sahayi-terk-etti","status":"publish","type":"post","link":"https:\/\/www.turkishpost.net\/ar\/marcelo-rakibinin-ayagini-kirdi-gozyaslariyla-sahayi-terk-etti\/","title":{"rendered":"Marcelo rakibinin aya\u011f\u0131n\u0131 k\u0131rd\u0131, g\u00f6zya\u015flar\u0131yla sahay\u0131 terk etti"},"content":{"rendered":"<div class=\"infinity-item item\" data-id=\"64ca3b977a719f2f3c3cf555\" data-url=\"https:\/\/www.gazeteduvar.com.tr\/marcelo-rakibinin-ayagini-kirdi-gozyaslariyla-sahayi-terk-etti-galeri-1631059?p=2\" data-next=\"\" data-title=\"Marcelo rakibinin aya\u011f\u0131n\u0131 k\u0131rd\u0131, g\u00f6zya\u015flar\u0131yla sahay\u0131 terk etti - Gazete Duvar - Sayfa 2\" data-category_names=\"[&quot;SPOR&quot;]\" data-category_ids=\"[&quot;5f6f684508038f7697471495&quot;]\" data-tags=\"[&quot;marcelo&quot;,&quot;ayak k\\u0131r\\u0131lmas\\u0131&quot;,&quot;futbol&quot;,&quot;gazete duvar&quot;,&quot;duvar&quot;]\">\n<div class=\"content-text max-width\">\n<p><strong>(The Turkish Post) &#8211;<\/strong> Argentino Juniors-Fluminense ma\u00e7\u0131nda Brezilyal\u0131 y\u0131ld\u0131z Marcelo \u00e7al\u0131m atmaya \u00e7al\u0131\u015f\u0131rken rakibinin aya\u011f\u0131n\u0131 k\u0131rd\u0131. Marcelo olay sonras\u0131 g\u00f6zya\u015flar\u0131yla sahadan ayr\u0131ld\u0131.<\/p>\n<p>CONMEBOL&#8217;a \u00fcye federasyonlar\u0131n lig \u015fampiyonu olan tak\u0131mlar\u0131&#8217;n\u0131n kat\u0131ld\u0131\u011f\u0131 Libertadores Kupas\u0131&#8217;nda d\u00fcn gece Argentino Juniors ile Fluminense kar\u015f\u0131 kar\u015f\u0131ya geldi.<\/p>\n<p>Ma\u00e7\u0131n ikinci yar\u0131s\u0131 oynan\u0131rken 56. dakikada Fluminense&#8217;de forma giyen Marcelo, Argentino Juniors&#8217;ta oynayan Luciano Sanchez&#8217;i \u00e7al\u0131mlamaya \u00e7al\u0131\u015f\u0131rken rakibinin aya\u011f\u0131n\u0131n k\u0131r\u0131lmas\u0131na neden oldu.<\/p>\n<p>\u00dcz\u00fcc\u00fc olay sonras\u0131 Marcelo g\u00f6zya\u015flar\u0131na hakim olamazken, Sanchez sedyeyle sahadan \u00e7\u0131kart\u0131ld\u0131.<\/p>\n<\/div>\n<div class=\"bar\">\n<div class=\"sharing\"><\/div>\n<\/div>\n<\/div>\n<div class=\"infinity-item item\" data-id=\"64ca3b977a719f2f3c3cf555\" data-url=\"https:\/\/www.gazeteduvar.com.tr\/marcelo-rakibinin-ayagini-kirdi-gozyaslariyla-sahayi-terk-etti-galeri-1631059?p=3\" data-next=\"\" data-title=\"Marcelo rakibinin aya\u011f\u0131n\u0131 k\u0131rd\u0131, g\u00f6zya\u015flar\u0131yla sahay\u0131 terk etti - Gazete Duvar - Sayfa 3\" data-category_names=\"[&quot;SPOR&quot;]\" data-category_ids=\"[&quot;5f6f684508038f7697471495&quot;]\" data-tags=\"[&quot;marcelo&quot;,&quot;ayak k\\u0131r\\u0131lmas\\u0131&quot;,&quot;futbol&quot;,&quot;gazete duvar&quot;,&quot;duvar&quot;]\">\n<div class=\"v-image mb-3 max-width\">\n<figure><picture data-iesrc=\"https:\/\/i.gazeteduvar.com.tr\/storage\/files\/images\/2023\/08\/02\/44-eIuo.jpg\" data-alt=\"Marcelo rakibinin aya\u011f\u0131n\u0131 k\u0131rd\u0131, g\u00f6zya\u015flar\u0131yla sahay\u0131 terk etti - Sayfa 3\" data-loaded=\"true\"><source srcset=\"https:\/\/i.gazeteduvar.com.tr\/storage\/files\/images\/2023\/08\/02\/44-eIuo.jpg.webp\" type=\"image\/webp\" \/><source srcset=\"https:\/\/i.gazeteduvar.com.tr\/storage\/files\/images\/2023\/08\/02\/44-eIuo.jpg\" \/><img alt=\"Marcelo rakibinin aya\u011f\u0131n\u0131 k\u0131rd\u0131, g\u00f6zya\u015flar\u0131yla sahay\u0131 terk etti - Sayfa 3\" \/><\/picture><\/figure>\n<\/div>\n<div class=\"content-text max-width\">\n<p>Hakem taraf\u0131ndan k\u0131rm\u0131z\u0131 kartla cezaland\u0131r\u0131lan Marcelo, sahay\u0131 terk etti. Daha sonra sosyal medya hesab\u0131ndan a\u00e7\u0131klama yapan Marcelo, \u201cBug\u00fcn ma\u00e7ta \u00e7ok zor bir durumu ya\u015famak zorunda kald\u0131m. Bir meslekta\u015f\u0131m\u0131 yanl\u0131\u015fl\u0131kla sakatlad\u0131m. Sana en k\u0131sa s\u00fcrede sa\u011fl\u0131k diliyorum&#8221; ifadelerini kulland\u0131.<\/p>\n<\/div>\n<div class=\"bar\">\n<div class=\"sharing\"><\/div>\n<\/div>\n<\/div>\n<div class=\"infinity-item item\" data-id=\"64ca3b977a719f2f3c3cf555\" data-url=\"https:\/\/www.gazeteduvar.com.tr\/marcelo-rakibinin-ayagini-kirdi-gozyaslariyla-sahayi-terk-etti-galeri-1631059?p=4\" data-next=\"https:\/\/www.gazeteduvar.com.tr\/acun-ilicalidan-transfer-aciklamasi-kucuk-bir-miktar-para-alacagiz-galeri-1630338\" data-title=\"Marcelo rakibinin aya\u011f\u0131n\u0131 k\u0131rd\u0131, g\u00f6zya\u015flar\u0131yla sahay\u0131 terk etti - Gazete Duvar - Sayfa 4\" data-category_names=\"[&quot;SPOR&quot;]\" data-category_ids=\"[&quot;5f6f684508038f7697471495&quot;]\" data-tags=\"[&quot;marcelo&quot;,&quot;ayak k\\u0131r\\u0131lmas\\u0131&quot;,&quot;futbol&quot;,&quot;gazete duvar&quot;,&quot;duvar&quot;]\">\n<div class=\"v-image mb-3 max-width\">\n<figure><picture data-iesrc=\"https:\/\/i.gazeteduvar.com.tr\/storage\/files\/images\/2023\/08\/02\/55-chwK.jpg\" data-alt=\"Marcelo rakibinin aya\u011f\u0131n\u0131 k\u0131rd\u0131, g\u00f6zya\u015flar\u0131yla sahay\u0131 terk etti - Sayfa 4\" data-loaded=\"true\"><source srcset=\"https:\/\/i.gazeteduvar.com.tr\/storage\/files\/images\/2023\/08\/02\/55-chwK.jpg.webp\" type=\"image\/webp\" \/><source srcset=\"https:\/\/i.gazeteduvar.com.tr\/storage\/files\/images\/2023\/08\/02\/55-chwK.jpg\" \/><img alt=\"Marcelo rakibinin aya\u011f\u0131n\u0131 k\u0131rd\u0131, g\u00f6zya\u015flar\u0131yla sahay\u0131 terk etti - Sayfa 4\" \/><\/picture><\/figure>\n<\/div>\n<div class=\"content-text max-width\">\n<p>Ma\u00e7 1-1 berabere biterken Argentino Juniors&#8217;un gol\u00fcn\u00fc Gabriel Avalos kaydederken, Fluminense&#8217;nin gol\u00fcn\u00fc ise Samuel Xavier Brito att\u0131. Ayr\u0131ca Marcelo&#8217;nun d\u0131\u015f\u0131nda Argentino Juniors&#8217;ta Alexis Martin Arias da 76. dakikada k\u0131rm\u0131z\u0131 kart g\u00f6rd\u00fc.<\/p>\n<\/div>\n<\/div>\n","protected":false},"excerpt":{"rendered":"<p>(The Turkish Post) &#8211; Argentino Juniors-Fluminense ma\u00e7\u0131nda Brezilyal\u0131 y\u0131ld\u0131z Marcelo \u00e7al\u0131m atmaya \u00e7al\u0131\u015f\u0131rken rakibinin aya\u011f\u0131n\u0131 k\u0131rd\u0131. Marcelo olay sonras\u0131 g\u00f6zya\u015flar\u0131yla sahadan ayr\u0131ld\u0131. CONMEBOL&#8217;a \u00fcye federasyonlar\u0131n lig \u015fampiyonu olan tak\u0131mlar\u0131&#8217;n\u0131n kat\u0131ld\u0131\u011f\u0131 Libertadores Kupas\u0131&#8217;nda d\u00fcn gece Argentino Juniors ile Fluminense kar\u015f\u0131 kar\u015f\u0131ya geldi. Ma\u00e7\u0131n ikinci yar\u0131s\u0131 oynan\u0131rken 56. dakikada Fluminense&#8217;de forma giyen Marcelo, Argentino Juniors&#8217;ta oynayan Luciano [&hellip;]<\/p>\n","protected":false},"author":2,"featured_media":18268,"comment_status":"open","ping_status":"open","sticky":false,"template":"","format":"standard","meta":{"_acf_changed":false,"jnews-multi-image_gallery":[],"jnews_single_post":{"source_name":"","source_url":"","via_name":"","via_url":"","override_template":"0","override":[{"template":"1","single_blog_custom":"","parallax":"1","fullscreen":"1","layout":"right-sidebar","sidebar":"default-sidebar","second_sidebar":"default-sidebar","sticky_sidebar":"1","share_position":"topbottom","share_float_style":"share-monocrhome","show_share_counter":"0","show_view_counter":"0","show_featured":"1","show_post_meta":"1","show_post_author":"0","show_post_author_image":"1","show_post_date":"1","post_date_format":"default","post_date_format_custom":"Y\/m\/d","show_post_category":"0","show_post_reading_time":"1","post_reading_time_wpm":"300","show_zoom_button":"1","zoom_button_out_step":"4","zoom_button_in_step":"4","show_post_tag":"1","show_prev_next_post":"0","show_popup_post":"1","number_popup_post":"2","show_author_box":"1","show_post_related":"1","show_inline_post_related":"0"}],"override_image_size":"0","image_override":[{"single_post_thumbnail_size":"crop-715","single_post_gallery_size":"crop-500"}],"trending_post":"0","trending_post_position":"meta","trending_post_label":"Trending","sponsored_post":"0","sponsored_post_label":"Sponsored by","sponsored_post_name":"","sponsored_post_url":"","sponsored_post_logo_enable":"0","sponsored_post_logo":"","sponsored_post_desc":"","disable_ad":"0"},"jnews_primary_category":{"id":"7","hide":""},"jnews_override_bookmark_settings":{"override_bookmark_button":"0","override_show_bookmark_button":"0"},"jnews_social_meta":{"fb_title":"","fb_description":"","fb_image":"","twitter_title":"","twitter_description":"","twitter_image":""},"jnews_override_counter":{"override_view_counter":"0","view_counter_number":"0","override_share_counter":"0","share_counter_number":"0","override_like_counter":"0","like_counter_number":"0","override_dislike_counter":"0","dislike_counter_number":"0"},"footnotes":""},"categories":[7,1],"tags":[5568,5569,5570],"class_list":["post-18266","post","type-post","status-publish","format-standard","has-post-thumbnail","hentry","category-spor","category-son-haberler","tag-argentino-juniors","tag-fluminense","tag-marcelo"],"acf":[],"_links":{"self":[{"href":"https:\/\/www.turkishpost.net\/ar\/wp-json\/wp\/v2\/posts\/18266","targetHints":{"allow":["GET"]}}],"collection":[{"href":"https:\/\/www.turkishpost.net\/ar\/wp-json\/wp\/v2\/posts"}],"about":[{"href":"https:\/\/www.turkishpost.net\/ar\/wp-json\/wp\/v2\/types\/post"}],"author":[{"embeddable":true,"href":"https:\/\/www.turkishpost.net\/ar\/wp-json\/wp\/v2\/users\/2"}],"replies":[{"embeddable":true,"href":"https:\/\/www.turkishpost.net\/ar\/wp-json\/wp\/v2\/comments?post=18266"}],"version-history":[{"count":0,"href":"https:\/\/www.turkishpost.net\/ar\/wp-json\/wp\/v2\/posts\/18266\/revisions"}],"wp:featuredmedia":[{"embeddable":true,"href":"https:\/\/www.turkishpost.net\/ar\/wp-json\/wp\/v2\/media\/18268"}],"wp:attachment":[{"href":"https:\/\/www.turkishpost.net\/ar\/wp-json\/wp\/v2\/media?parent=18266"}],"wp:term":[{"taxonomy":"category","embeddable":true,"href":"https:\/\/www.turkishpost.net\/ar\/wp-json\/wp\/v2\/categories?post=18266"},{"taxonomy":"post_tag","embeddable":true,"href":"https:\/\/www.turkishpost.net\/ar\/wp-json\/wp\/v2\/tags?post=18266"}],"curies":[{"name":"wp","href":"https:\/\/api.w.org\/{rel}","templated":true}]}}