{"id":17909,"date":"2023-07-31T13:48:13","date_gmt":"2023-07-31T10:48:13","guid":{"rendered":"https:\/\/www.turkishpost.net\/ar\/?p=17909"},"modified":"2023-07-31T13:49:57","modified_gmt":"2023-07-31T10:49:57","slug":"milli-voleybolcu-hande-baladina-asitli-tehdit","status":"publish","type":"post","link":"https:\/\/www.turkishpost.net\/ar\/milli-voleybolcu-hande-baladina-asitli-tehdit\/","title":{"rendered":"Voleybolcu Hande Balad\u0131n\u2019a asitli tehdit"},"content":{"rendered":"<p><strong>(The Turkish Post) \u2013 <\/strong>Voleybol&#8217;da T\u00fcrkiye&#8217;yi D\u00fcnya \u015eampiyonu yapan A Milli Tak\u0131m\u0131\u2019n\u0131n oyuncular\u0131ndan Hande Balad\u0131n, kendisine y\u00f6neltilen tehdit nedeniyle \u0130stanbul Cumhuriyet Ba\u015fsavc\u0131l\u0131\u011f\u0131\u2019na ba\u015fvurdu.<\/p>\n<p>FIVB Milletler Ligi \u015fampiyonlu\u011fundan 3 g\u00fcn sonra sosyal medya hesab\u0131ndan tehditlere maruz kalan voleybolcu, \u201cCan g\u00fcvenli\u011fim yok. Korkuyorum\u201d diyerek savc\u0131l\u0131\u011fa gitti.<\/p>\n<p>Sabah gazetesinde yer alan habere g\u00f6re, Mustafa N. adl\u0131 bir ki\u015fi, Balad\u0131n\u2019\u0131, \u201cY\u00fcz\u00fcne asit ataca\u011f\u0131m. Senden intikam almadan \u00f6lmeyece\u011fim\u201d \u015feklinde tehdit etti.<\/p>\n<p><strong>\u2018BU KIZDAN \u0130NT\u0130KAM ALMADAN BANA \u00d6L\u00dcM YOK\u2019<\/strong><\/p>\n<p>\u0130ddiaya g\u00f6re tan\u0131mad\u0131\u011f\u0131 Instagram kullan\u0131c\u0131s\u0131 Mustafa N., oynad\u0131\u011f\u0131 Eczac\u0131ba\u015f\u0131 tak\u0131m\u0131na ve sponsor firmaya y\u00f6nelik, \u201cSizin isminizin kurtulu\u015fu yok. Birinizden birine zarar vermezsem sizden beter olay\u0131m\u201d \u015feklinde payla\u015f\u0131mda bulundu. Mustafa N., tehditlerinin seviyesini art\u0131rarak devam etti. \u015eah\u0131s, Balad\u0131n\u2019a y\u00f6nelik \u201cBen bu k\u0131za diyorum ki senin y\u00fcz\u00fcne asit ataca\u011f\u0131m bundan dahi korkmuyor. Bu k\u0131zdan intikam almadan bana \u00f6l\u00fcm yok\u201d \u015feklinde tehditler savurdu.<\/p>\n<p><strong>SORU\u015eTURMA BA\u015eLATILDI<\/strong><\/p>\n<p>Tehditlerin sonu gelmeyince durumun ciddiyetinden ve can g\u00fcvenli\u011finden endi\u015fe duyan ba\u015far\u0131l\u0131 voleybolcu, \u0130stanbul Cumhuriyet Ba\u015fsavc\u0131l\u0131\u011f\u0131\u2019na ba\u015fvurdu.<\/p>\n<p>Balad\u0131n dilek\u00e7esinde, \u015fampiyonlu\u011fun hemen ard\u0131ndan tehditlere maruz kald\u0131\u011f\u0131n\u0131n alt\u0131n\u0131 \u00e7izdi ve \u201cCan g\u00fcvenli\u011fim yok. Sistematik bir \u015fekilde mesaj at\u0131yor. Korkuyorum\u201d diyerek su\u00e7 duyurusunda bulundu. Dilek\u00e7ede, Mustafa N.\u2019nin \u201cTehdit\u201d su\u00e7undan cezaland\u0131r\u0131lmas\u0131 talep edildi. \u0130stanbul Cumhuriyet Ba\u015fsavc\u0131l\u0131\u011f\u0131 taraf\u0131ndan olayla ilgili soru\u015fturma ba\u015flat\u0131ld\u0131.<\/p>\n","protected":false},"excerpt":{"rendered":"<p>(The Turkish Post) \u2013 Voleybol&#8217;da T\u00fcrkiye&#8217;yi D\u00fcnya \u015eampiyonu yapan A Milli Tak\u0131m\u0131\u2019n\u0131n oyuncular\u0131ndan Hande Balad\u0131n, kendisine y\u00f6neltilen tehdit nedeniyle \u0130stanbul Cumhuriyet Ba\u015fsavc\u0131l\u0131\u011f\u0131\u2019na ba\u015fvurdu. FIVB Milletler Ligi \u015fampiyonlu\u011fundan 3 g\u00fcn sonra sosyal medya hesab\u0131ndan tehditlere maruz kalan voleybolcu, \u201cCan g\u00fcvenli\u011fim yok. Korkuyorum\u201d diyerek savc\u0131l\u0131\u011fa gitti. Sabah gazetesinde yer alan habere g\u00f6re, Mustafa N. adl\u0131 bir ki\u015fi, [&hellip;]<\/p>\n","protected":false},"author":4,"featured_media":17910,"comment_status":"open","ping_status":"open","sticky":false,"template":"","format":"standard","meta":{"_acf_changed":false,"jnews-multi-image_gallery":[],"jnews_single_post":{"source_name":"","source_url":"","via_name":"","via_url":"","override_template":"0","override":[{"template":"1","single_blog_custom":"","parallax":"1","fullscreen":"1","layout":"right-sidebar","sidebar":"default-sidebar","second_sidebar":"default-sidebar","sticky_sidebar":"1","share_position":"topbottom","share_float_style":"share-monocrhome","show_share_counter":"0","show_view_counter":"0","show_featured":"1","show_post_meta":"1","show_post_author":"0","show_post_author_image":"1","show_post_date":"1","post_date_format":"default","post_date_format_custom":"Y\/m\/d","show_post_category":"0","show_post_reading_time":"1","post_reading_time_wpm":"300","show_zoom_button":"1","zoom_button_out_step":"4","zoom_button_in_step":"4","show_post_tag":"1","show_prev_next_post":"0","show_popup_post":"1","number_popup_post":"2","show_author_box":"1","show_post_related":"1","show_inline_post_related":"0"}],"override_image_size":"0","image_override":[{"single_post_thumbnail_size":"crop-715","single_post_gallery_size":"crop-500"}],"trending_post":"0","trending_post_position":"meta","trending_post_label":"Trending","sponsored_post":"0","sponsored_post_label":"Sponsored by","sponsored_post_name":"","sponsored_post_url":"","sponsored_post_logo_enable":"0","sponsored_post_logo":"","sponsored_post_desc":"","disable_ad":"0"},"jnews_primary_category":{"id":"7","hide":""},"jnews_override_bookmark_settings":{"override_bookmark_button":"0","override_show_bookmark_button":"0"},"jnews_social_meta":{"fb_title":"","fb_description":"","fb_image":"","twitter_title":"","twitter_description":"","twitter_image":""},"jnews_override_counter":{"override_view_counter":"0","view_counter_number":"0","override_share_counter":"0","share_counter_number":"0","override_like_counter":"0","like_counter_number":"0","override_dislike_counter":"0","dislike_counter_number":"0"},"footnotes":""},"categories":[7,1],"tags":[5518,5519,2300],"class_list":["post-17909","post","type-post","status-publish","format-standard","has-post-thumbnail","hentry","category-spor","category-son-haberler","tag-asit","tag-hande-baladin","tag-tehdit"],"acf":[],"_links":{"self":[{"href":"https:\/\/www.turkishpost.net\/ar\/wp-json\/wp\/v2\/posts\/17909","targetHints":{"allow":["GET"]}}],"collection":[{"href":"https:\/\/www.turkishpost.net\/ar\/wp-json\/wp\/v2\/posts"}],"about":[{"href":"https:\/\/www.turkishpost.net\/ar\/wp-json\/wp\/v2\/types\/post"}],"author":[{"embeddable":true,"href":"https:\/\/www.turkishpost.net\/ar\/wp-json\/wp\/v2\/users\/4"}],"replies":[{"embeddable":true,"href":"https:\/\/www.turkishpost.net\/ar\/wp-json\/wp\/v2\/comments?post=17909"}],"version-history":[{"count":0,"href":"https:\/\/www.turkishpost.net\/ar\/wp-json\/wp\/v2\/posts\/17909\/revisions"}],"wp:featuredmedia":[{"embeddable":true,"href":"https:\/\/www.turkishpost.net\/ar\/wp-json\/wp\/v2\/media\/17910"}],"wp:attachment":[{"href":"https:\/\/www.turkishpost.net\/ar\/wp-json\/wp\/v2\/media?parent=17909"}],"wp:term":[{"taxonomy":"category","embeddable":true,"href":"https:\/\/www.turkishpost.net\/ar\/wp-json\/wp\/v2\/categories?post=17909"},{"taxonomy":"post_tag","embeddable":true,"href":"https:\/\/www.turkishpost.net\/ar\/wp-json\/wp\/v2\/tags?post=17909"}],"curies":[{"name":"wp","href":"https:\/\/api.w.org\/{rel}","templated":true}]}}