{"id":17443,"date":"2023-07-26T17:04:12","date_gmt":"2023-07-26T14:04:12","guid":{"rendered":"https:\/\/www.turkishpost.net\/ar\/?p=17443"},"modified":"2023-07-27T10:15:05","modified_gmt":"2023-07-27T07:15:05","slug":"turkiyenin-ormanlari-yaniyor-beykoz-odemis-kinik-kutahya","status":"publish","type":"post","link":"https:\/\/www.turkishpost.net\/ar\/turkiyenin-ormanlari-yaniyor-beykoz-odemis-kinik-kutahya\/","title":{"rendered":"T\u00fcrkiye&#8217;nin ormanlar\u0131 yan\u0131yor: Beykoz, \u00d6demi\u015f, K\u0131n\u0131k, K\u00fctahya&#8230;"},"content":{"rendered":"<p><strong>(The Turkish Post) &#8211;<\/strong> Hava s\u0131cakl\u0131klar\u0131n\u0131n artmas\u0131yla birlikte ormanl\u0131k alanlarda \u00e7\u0131kan yang\u0131n say\u0131s\u0131 da artmaya ba\u015flad\u0131. Beykoz, \u00d6demi\u015f, K\u0131n\u0131k ve K\u00fctahya&#8217;da ormanl\u0131k \u00e7\u0131kan yang\u0131nlara m\u00fcdahale ediliyor.<\/p>\n<p>\u0130stanbul Beykoz&#8217;da orman yang\u0131n\u0131 \u00e7\u0131kt\u0131. Olay yerine \u00e7ok say\u0131da itfaiye ekibinin yan\u0131 s\u0131na s\u00f6nd\u00fcrme helikopteri sevk edildi.<\/p>\n<p><img fetchpriority=\"high\" decoding=\"async\" src=\"https:\/\/i.gazeteduvar.com.tr\/storage\/files\/images\/2023\/07\/26\/46ab1084880d50f197087c43698275ee-PpZF.jpg\" alt=\"\" width=\"600\" height=\"571\" title=\"\"><\/p>\n<p><strong>K\u00dcTAHYA&#8217;DA HEL\u0130KOPTERLE S\u00d6ND\u00dcRME \u00c7ALI\u015eMASI<\/strong><\/p>\n<p>K\u00fctahya&#8217;n\u0131n Tav\u015fanl\u0131 il\u00e7esinde \u00e7\u0131kan orman yang\u0131n\u0131na karadan m\u00fcdahale s\u00fcrerken, 1 helikopter ile takviye ekipler de b\u00f6lgeye sevk edildi.<\/p>\n<p>Yang\u0131n, saat 15.00 s\u0131ralar\u0131nda Gevrekler k\u00f6y\u00fc b\u00f6lgesindeki ormanda \u00e7\u0131kt\u0131. 112 Acil \u00c7a\u011fr\u0131 Merkezi\u2019ne yap\u0131lan ihbar sonras\u0131 b\u00f6lgeye \u00e7ok say\u0131da itfaiye ve Orman \u0130\u015fletme M\u00fcd\u00fcrl\u00fc\u011f\u00fc ekibi sevk edildi. Yang\u0131na 15 araz\u00f6z\u00a0 6 su ikmal arac\u0131, 6 dozer, 1 su tankeri ve 10 ekip ile m\u00fcdahale ediliyor. Karadan s\u00f6nd\u00fcrme \u00e7al\u0131\u015fmalar\u0131 s\u00fcrerken, b\u00f6lgeye 1 yang\u0131n s\u00f6nd\u00fcrme helikopteri de sevk edildi.<\/p>\n<p><img decoding=\"async\" src=\"https:\/\/i.gazeteduvar.com.tr\/storage\/files\/images\/2023\/07\/26\/ca904bb30501f02afbe54f484d720c55-dwA2.jpg\" alt=\"\" width=\"600\" height=\"340\" title=\"\"><\/p>\n<p><strong>KINIK&#8217;TA S\u00d6ND\u00dcRME \u00c7ALI\u015eMALARI S\u00dcR\u00dcYOR<\/strong><\/p>\n<p>\u0130zmir&#8217;in K\u0131n\u0131k il\u00e7esi \u0130brahima\u011fa Mahallesi&#8217;nde, saat 14.13&#8217;te, hen\u00fcz belirlenemeyen bir nedenle \u00e7\u0131kan ormanda yang\u0131n\u0131na\u00a0m\u00fcdahale s\u00fcr\u00fcyor. Yang\u0131n\u0131 g\u00f6renlerin ihbar\u0131yla \u0130zmir Orman B\u00f6lge M\u00fcd\u00fcrl\u00fc\u011f\u00fc&#8217;ne ait 2 u\u00e7ak, 5 helikopter, 20 araz\u00f6z 5 su ikmal arac\u0131 ve 3 dozer ile s\u00f6nd\u00fcrme \u00e7al\u0131\u015fmas\u0131 ba\u015flat\u0131ld\u0131.<\/p>\n<p><img decoding=\"async\" src=\"https:\/\/i.gazeteduvar.com.tr\/storage\/files\/images\/2023\/07\/26\/aa-20230726-31772199-31772196-izmir-C6nk.jpg\" alt=\"\" width=\"1280\" height=\"721\" title=\"\"><\/p>\n<p><strong>\u00d6DEM\u0130\u015e&#8217;TE YANGIN<\/strong><\/p>\n<p>\u0130zmir&#8217;in \u00d6demi\u015f il\u00e7esinde K\u00fc\u00e7\u00fckkavulcuk Mahallesi\u2019ndeki ormanl\u0131k alanda ise saat 13.56&#8217;da ba\u015flayan yang\u0131na \u0130zmir Orman B\u00f6lge M\u00fcd\u00fcrl\u00fc\u011f\u00fc&#8217;ne ait 2 u\u00e7ak, 4 helikopter, 15 araz\u00f6z, 4 su ikmal arac\u0131 ve 2 dozer ile m\u00fcdahale ediliyor.<\/p>\n<p><strong>AFYON&#8217;DA 40 D\u00d6N\u00dcM ALAN YANDI<\/strong><\/p>\n<p>Afyon&#8217;da kent merkezindeki H\u0131d\u0131rl\u0131k mesire alan\u0131n\u0131n da\u011fl\u0131k k\u0131sm\u0131nda yer alan ormanda \u00e7\u0131kan\u00a0yang\u0131n ise 1,5 saat sonra kontrol alt\u0131na al\u0131nd\u0131. Araz\u00f6zler, itfaiye ara\u00e7lar\u0131 ve \u00e7ok say\u0131da personelle m\u00fcdahale edilen yang\u0131nda 40 d\u00f6n\u00fcme yak\u0131n alan zarar g\u00f6rd\u00fc.<\/p>\n","protected":false},"excerpt":{"rendered":"<p>(The Turkish Post) &#8211; Hava s\u0131cakl\u0131klar\u0131n\u0131n artmas\u0131yla birlikte ormanl\u0131k alanlarda \u00e7\u0131kan yang\u0131n say\u0131s\u0131 da artmaya ba\u015flad\u0131. Beykoz, \u00d6demi\u015f, K\u0131n\u0131k ve K\u00fctahya&#8217;da ormanl\u0131k \u00e7\u0131kan yang\u0131nlara m\u00fcdahale ediliyor. \u0130stanbul Beykoz&#8217;da orman yang\u0131n\u0131 \u00e7\u0131kt\u0131. Olay yerine \u00e7ok say\u0131da itfaiye ekibinin yan\u0131 s\u0131na s\u00f6nd\u00fcrme helikopteri sevk edildi. K\u00dcTAHYA&#8217;DA HEL\u0130KOPTERLE S\u00d6ND\u00dcRME \u00c7ALI\u015eMASI K\u00fctahya&#8217;n\u0131n Tav\u015fanl\u0131 il\u00e7esinde \u00e7\u0131kan orman yang\u0131n\u0131na karadan m\u00fcdahale [&hellip;]<\/p>\n","protected":false},"author":2,"featured_media":17446,"comment_status":"open","ping_status":"open","sticky":false,"template":"","format":"standard","meta":{"_acf_changed":false,"jnews-multi-image_gallery":[],"jnews_single_post":{"source_name":"","source_url":"","via_name":"","via_url":"","override_template":"0","override":[{"template":"1","single_blog_custom":"","parallax":"1","fullscreen":"1","layout":"right-sidebar","sidebar":"default-sidebar","second_sidebar":"default-sidebar","sticky_sidebar":"1","share_position":"topbottom","share_float_style":"share-monocrhome","show_share_counter":"0","show_view_counter":"0","show_featured":"1","show_post_meta":"1","show_post_author":"0","show_post_author_image":"1","show_post_date":"1","post_date_format":"default","post_date_format_custom":"Y\/m\/d","show_post_category":"0","show_post_reading_time":"1","post_reading_time_wpm":"300","show_zoom_button":"1","zoom_button_out_step":"4","zoom_button_in_step":"4","show_post_tag":"1","show_prev_next_post":"0","show_popup_post":"1","number_popup_post":"2","show_author_box":"1","show_post_related":"1","show_inline_post_related":"0"}],"override_image_size":"0","image_override":[{"single_post_thumbnail_size":"crop-715","single_post_gallery_size":"crop-500"}],"trending_post":"0","trending_post_position":"meta","trending_post_label":"Trending","sponsored_post":"0","sponsored_post_label":"Sponsored by","sponsored_post_name":"","sponsored_post_url":"","sponsored_post_logo_enable":"0","sponsored_post_logo":"","sponsored_post_desc":"","disable_ad":"0"},"jnews_primary_category":{"id":"8","hide":""},"jnews_override_bookmark_settings":{"override_bookmark_button":"0","override_show_bookmark_button":"0"},"jnews_social_meta":{"fb_title":"","fb_description":"","fb_image":"","twitter_title":"","twitter_description":"","twitter_image":""},"jnews_override_counter":{"override_view_counter":"0","view_counter_number":"0","override_share_counter":"0","share_counter_number":"0","override_like_counter":"0","like_counter_number":"0","override_dislike_counter":"0","dislike_counter_number":"0"},"footnotes":""},"categories":[1,8],"tags":[5001,1422],"class_list":["post-17443","post","type-post","status-publish","format-standard","has-post-thumbnail","hentry","category-son-haberler","category-turkiye","tag-orman-yangini","tag-slider-manset"],"acf":[],"_links":{"self":[{"href":"https:\/\/www.turkishpost.net\/ar\/wp-json\/wp\/v2\/posts\/17443","targetHints":{"allow":["GET"]}}],"collection":[{"href":"https:\/\/www.turkishpost.net\/ar\/wp-json\/wp\/v2\/posts"}],"about":[{"href":"https:\/\/www.turkishpost.net\/ar\/wp-json\/wp\/v2\/types\/post"}],"author":[{"embeddable":true,"href":"https:\/\/www.turkishpost.net\/ar\/wp-json\/wp\/v2\/users\/2"}],"replies":[{"embeddable":true,"href":"https:\/\/www.turkishpost.net\/ar\/wp-json\/wp\/v2\/comments?post=17443"}],"version-history":[{"count":0,"href":"https:\/\/www.turkishpost.net\/ar\/wp-json\/wp\/v2\/posts\/17443\/revisions"}],"wp:featuredmedia":[{"embeddable":true,"href":"https:\/\/www.turkishpost.net\/ar\/wp-json\/wp\/v2\/media\/17446"}],"wp:attachment":[{"href":"https:\/\/www.turkishpost.net\/ar\/wp-json\/wp\/v2\/media?parent=17443"}],"wp:term":[{"taxonomy":"category","embeddable":true,"href":"https:\/\/www.turkishpost.net\/ar\/wp-json\/wp\/v2\/categories?post=17443"},{"taxonomy":"post_tag","embeddable":true,"href":"https:\/\/www.turkishpost.net\/ar\/wp-json\/wp\/v2\/tags?post=17443"}],"curies":[{"name":"wp","href":"https:\/\/api.w.org\/{rel}","templated":true}]}}