{"id":15574,"date":"2023-07-09T13:40:38","date_gmt":"2023-07-09T10:40:38","guid":{"rendered":"https:\/\/www.turkishpost.net\/ar\/?p=15574"},"modified":"2023-07-09T13:40:38","modified_gmt":"2023-07-09T10:40:38","slug":"topkapi-sarayinda-yangin-agir-hasar-meydana-geldi","status":"publish","type":"post","link":"https:\/\/www.turkishpost.net\/ar\/topkapi-sarayinda-yangin-agir-hasar-meydana-geldi\/","title":{"rendered":"Topkap\u0131 Saray\u0131&#8217;nda yang\u0131n: A\u011f\u0131r hasar meydana geldi"},"content":{"rendered":"<p><strong>(The Turkish Post) &#8211;<\/strong> \u0130stanbul&#8217;da Topkap\u0131 Saray\u0131&#8217;n\u0131n avlusunda bulunan tarihi restoran\u0131n \u00e7at\u0131s\u0131nda yang\u0131n \u00e7\u0131kt\u0131. \u00c7at\u0131n\u0131n tamam\u0131na yay\u0131lan yang\u0131na bir\u00e7ok il\u00e7eden itfaiye ekipleri sevk edildi. Kontrol alt\u0131na al\u0131nan yang\u0131n a\u011f\u0131r hasar b\u0131rakt\u0131.<\/p>\n<p>Yang\u0131n, saat 02.30 s\u0131ralar\u0131nda, Topkap\u0131 Saray\u0131&#8217;n\u0131n Bab-\u0131 H\u00fcmayun Avlusu&#8217;nda bulunan ve restoran olarak kullan\u0131lan tarihi binada hen\u00fcz bilinmeyen bir nedenle \u00e7\u0131kt\u0131.<\/p>\n<p>Tarihi binan\u0131n \u00e7at\u0131s\u0131nda ba\u015flayan yang\u0131n k\u0131sa s\u00fcrede t\u00fcm \u00e7at\u0131ya yay\u0131ld\u0131. Yang\u0131n nedeniyle \u00e7evredeki bir oteldeki m\u00fc\u015fteriler tedbir ama\u00e7l\u0131 tahliye edildi.<\/p>\n<p>\u0130hbar \u00fczerine olay yerine \u00e7ok say\u0131da itfaiye, sa\u011fl\u0131k ve polis ekipleri sevk edildi.<\/p>\n<p>\u0130stanbul B\u00fcy\u00fck\u015fehir Belediyesi&#8217;ne ait itfaiye ekiplerinin farkl\u0131 noktalardan yapt\u0131\u011f\u0131 \u00e7al\u0131\u015fmalarla yang\u0131n kontrol alt\u0131na al\u0131narak s\u00f6nd\u00fcr\u00fcld\u00fc.<\/p>\n<blockquote class=\"twitter-tweet\" data-width=\"500\" data-dnt=\"true\">\n<p lang=\"tr\" dir=\"ltr\">Topkap\u0131 Saray\u0131&#39;n\u0131n avlu i\u00e7erisinde bulunan restorant\u0131n \u00e7at\u0131s\u0131 yanmakta. Ekiplerimiz olaya m\u00fcdahale ediyor. <a href=\"https:\/\/t.co\/4wHQuT20wP\" rel=\"nofollow\">pic.twitter.com\/4wHQuT20wP<\/a><\/p>\n<p>&mdash; \u0130stanbul \u0130tfaiyesi (@ibbitfaiye) <a href=\"https:\/\/twitter.com\/ibbitfaiye\/status\/1677833226142752769?ref_src=twsrc%5Etfw\" rel=\"nofollow noopener\" target=\"_blank\">July 9, 2023<\/a><\/p><\/blockquote>\n<p><script async src=\"https:\/\/platform.twitter.com\/widgets.js\" charset=\"utf-8\"><\/script><\/p>\n<p>&nbsp;<\/p>\n","protected":false},"excerpt":{"rendered":"<p>(The Turkish Post) &#8211; \u0130stanbul&#8217;da Topkap\u0131 Saray\u0131&#8217;n\u0131n avlusunda bulunan tarihi restoran\u0131n \u00e7at\u0131s\u0131nda yang\u0131n \u00e7\u0131kt\u0131. \u00c7at\u0131n\u0131n tamam\u0131na yay\u0131lan yang\u0131na bir\u00e7ok il\u00e7eden itfaiye ekipleri sevk edildi. Kontrol alt\u0131na al\u0131nan yang\u0131n a\u011f\u0131r hasar b\u0131rakt\u0131. Yang\u0131n, saat 02.30 s\u0131ralar\u0131nda, Topkap\u0131 Saray\u0131&#8217;n\u0131n Bab-\u0131 H\u00fcmayun Avlusu&#8217;nda bulunan ve restoran olarak kullan\u0131lan tarihi binada hen\u00fcz bilinmeyen bir nedenle \u00e7\u0131kt\u0131. Tarihi binan\u0131n \u00e7at\u0131s\u0131nda [&hellip;]<\/p>\n","protected":false},"author":2,"featured_media":15581,"comment_status":"open","ping_status":"open","sticky":false,"template":"","format":"standard","meta":{"_acf_changed":false,"jnews-multi-image_gallery":[],"jnews_single_post":{"source_name":"","source_url":"","via_name":"","via_url":"","override_template":"0","override":[{"template":"1","single_blog_custom":"","parallax":"1","fullscreen":"1","layout":"right-sidebar","sidebar":"default-sidebar","second_sidebar":"default-sidebar","sticky_sidebar":"1","share_position":"topbottom","share_float_style":"share-monocrhome","show_share_counter":"0","show_view_counter":"0","show_featured":"1","show_post_meta":"1","show_post_author":"0","show_post_author_image":"1","show_post_date":"1","post_date_format":"default","post_date_format_custom":"Y\/m\/d","show_post_category":"0","show_post_reading_time":"1","post_reading_time_wpm":"300","show_zoom_button":"1","zoom_button_out_step":"4","zoom_button_in_step":"4","show_post_tag":"1","show_prev_next_post":"0","show_popup_post":"1","number_popup_post":"2","show_author_box":"1","show_post_related":"1","show_inline_post_related":"0"}],"override_image_size":"0","image_override":[{"single_post_thumbnail_size":"crop-715","single_post_gallery_size":"crop-500"}],"trending_post":"0","trending_post_position":"meta","trending_post_label":"Trending","sponsored_post":"0","sponsored_post_label":"Sponsored by","sponsored_post_name":"","sponsored_post_url":"","sponsored_post_logo_enable":"0","sponsored_post_logo":"","sponsored_post_desc":"","disable_ad":"0"},"jnews_primary_category":{"id":"8","hide":""},"jnews_override_bookmark_settings":{"override_bookmark_button":"0","override_show_bookmark_button":"0"},"jnews_social_meta":{"fb_title":"","fb_description":"","fb_image":"","twitter_title":"","twitter_description":"","twitter_image":""},"jnews_override_counter":{"override_view_counter":"0","view_counter_number":"0","override_share_counter":"0","share_counter_number":"0","override_like_counter":"0","like_counter_number":"0","override_dislike_counter":"0","dislike_counter_number":"0"},"footnotes":""},"categories":[1,8],"tags":[1422,4789,665],"class_list":["post-15574","post","type-post","status-publish","format-standard","has-post-thumbnail","hentry","category-son-haberler","category-turkiye","tag-slider-manset","tag-topkapi-sarayi","tag-yangin"],"acf":[],"_links":{"self":[{"href":"https:\/\/www.turkishpost.net\/ar\/wp-json\/wp\/v2\/posts\/15574","targetHints":{"allow":["GET"]}}],"collection":[{"href":"https:\/\/www.turkishpost.net\/ar\/wp-json\/wp\/v2\/posts"}],"about":[{"href":"https:\/\/www.turkishpost.net\/ar\/wp-json\/wp\/v2\/types\/post"}],"author":[{"embeddable":true,"href":"https:\/\/www.turkishpost.net\/ar\/wp-json\/wp\/v2\/users\/2"}],"replies":[{"embeddable":true,"href":"https:\/\/www.turkishpost.net\/ar\/wp-json\/wp\/v2\/comments?post=15574"}],"version-history":[{"count":0,"href":"https:\/\/www.turkishpost.net\/ar\/wp-json\/wp\/v2\/posts\/15574\/revisions"}],"wp:featuredmedia":[{"embeddable":true,"href":"https:\/\/www.turkishpost.net\/ar\/wp-json\/wp\/v2\/media\/15581"}],"wp:attachment":[{"href":"https:\/\/www.turkishpost.net\/ar\/wp-json\/wp\/v2\/media?parent=15574"}],"wp:term":[{"taxonomy":"category","embeddable":true,"href":"https:\/\/www.turkishpost.net\/ar\/wp-json\/wp\/v2\/categories?post=15574"},{"taxonomy":"post_tag","embeddable":true,"href":"https:\/\/www.turkishpost.net\/ar\/wp-json\/wp\/v2\/tags?post=15574"}],"curies":[{"name":"wp","href":"https:\/\/api.w.org\/{rel}","templated":true}]}}