{"id":14766,"date":"2023-07-02T12:27:13","date_gmt":"2023-07-02T09:27:13","guid":{"rendered":"https:\/\/www.turkishpost.net\/ar\/?p=14766"},"modified":"2023-07-02T13:36:00","modified_gmt":"2023-07-02T10:36:00","slug":"salda-golune-giren-13-yasindaki-cocuk-boguldu","status":"publish","type":"post","link":"https:\/\/www.turkishpost.net\/ar\/salda-golune-giren-13-yasindaki-cocuk-boguldu\/","title":{"rendered":"Salda G\u00f6l\u00fc&#8217;ne giren 13 ya\u015f\u0131ndaki \u00e7ocuk bo\u011fuldu"},"content":{"rendered":"<p><strong>(The Turkish Post) &#8211;<\/strong> Denizli&#8217;nin \u00c7ivril il\u00e7esinden Burdur&#8217;un Ye\u015filova il\u00e7esindeki Salda G\u00f6l\u00fc Tabiat Park\u0131&#8217;na ailesiyle g\u00fcn\u00fc birlik tatil i\u00e7in gelen \u0130layda K\u0131l\u0131\u00e7, suya girmenin yasak oldu\u011fu b\u00f6lgede serinlemek i\u00e7in girdi\u011fi Salda G\u00f6l\u00fc&#8217;nde bir anda g\u00f6zden kayboldu.<\/p>\n<p>Ailenin haber vermesi \u00fczerine olay yerine sa\u011fl\u0131k ve cankurtaranlar sevk edildi. \u0130layda K\u0131l\u0131\u00e7&#8217;a ula\u015famayan ekipler, k\u00fc\u00e7\u00fck k\u0131z\u0131n bulunmas\u0131 i\u00e7in Antalya&#8217;dan dalg\u0131\u00e7 ekibi \u00e7a\u011f\u0131rd\u0131.<\/p>\n<p><strong>ACI HABER GELD\u0130<\/strong><\/p>\n<p>Antalya \u0130l Emniyet M\u00fcd\u00fcrl\u00fc\u011f\u00fc&#8217;ne ba\u011fl\u0131 dalg\u0131\u00e7 ekiplerince yap\u0131lan \u00e7al\u0131\u015fma sonucunda \u0130layda K\u0131l\u0131\u00e7&#8217;\u0131n 10 metre derinlikte, bal\u00e7\u0131kta cans\u0131z bedenine ula\u015f\u0131ld\u0131.<\/p>\n<p>K\u0131l\u0131\u00e7&#8217;\u0131n cenazesi, Ye\u015filova Devlet Hastanesi&#8217;nin morguna konuldu.<\/p>\n<p>Olayla ilgili soru\u015fturma ba\u015flat\u0131ld\u0131.<\/p>\n","protected":false},"excerpt":{"rendered":"<p>(The Turkish Post) &#8211; Denizli&#8217;nin \u00c7ivril il\u00e7esinden Burdur&#8217;un Ye\u015filova il\u00e7esindeki Salda G\u00f6l\u00fc Tabiat Park\u0131&#8217;na ailesiyle g\u00fcn\u00fc birlik tatil i\u00e7in gelen \u0130layda K\u0131l\u0131\u00e7, suya girmenin yasak oldu\u011fu b\u00f6lgede serinlemek i\u00e7in girdi\u011fi Salda G\u00f6l\u00fc&#8217;nde bir anda g\u00f6zden kayboldu. Ailenin haber vermesi \u00fczerine olay yerine sa\u011fl\u0131k ve cankurtaranlar sevk edildi. \u0130layda K\u0131l\u0131\u00e7&#8217;a ula\u015famayan ekipler, k\u00fc\u00e7\u00fck k\u0131z\u0131n bulunmas\u0131 i\u00e7in [&hellip;]<\/p>\n","protected":false},"author":2,"featured_media":14769,"comment_status":"open","ping_status":"open","sticky":false,"template":"","format":"standard","meta":{"_acf_changed":false,"jnews-multi-image_gallery":[],"jnews_single_post":{"source_name":"","source_url":"","via_name":"","via_url":"","override_template":"0","override":[{"template":"1","single_blog_custom":"","parallax":"1","fullscreen":"1","layout":"right-sidebar","sidebar":"default-sidebar","second_sidebar":"default-sidebar","sticky_sidebar":"1","share_position":"topbottom","share_float_style":"share-monocrhome","show_share_counter":"0","show_view_counter":"0","show_featured":"1","show_post_meta":"1","show_post_author":"0","show_post_author_image":"1","show_post_date":"1","post_date_format":"default","post_date_format_custom":"Y\/m\/d","show_post_category":"0","show_post_reading_time":"1","post_reading_time_wpm":"300","show_zoom_button":"1","zoom_button_out_step":"4","zoom_button_in_step":"4","show_post_tag":"1","show_prev_next_post":"0","show_popup_post":"1","number_popup_post":"2","show_author_box":"1","show_post_related":"1","show_inline_post_related":"0"}],"override_image_size":"0","image_override":[{"single_post_thumbnail_size":"crop-715","single_post_gallery_size":"crop-500"}],"trending_post":"0","trending_post_position":"meta","trending_post_label":"Trending","sponsored_post":"0","sponsored_post_label":"Sponsored by","sponsored_post_name":"","sponsored_post_url":"","sponsored_post_logo_enable":"0","sponsored_post_logo":"","sponsored_post_desc":"","disable_ad":"0"},"jnews_primary_category":{"id":"8","hide":""},"jnews_override_bookmark_settings":{"override_bookmark_button":"0","override_show_bookmark_button":"0"},"jnews_social_meta":{"fb_title":"","fb_description":"","fb_image":"","twitter_title":"","twitter_description":"","twitter_image":""},"jnews_override_counter":{"override_view_counter":"0","view_counter_number":"0","override_share_counter":"0","share_counter_number":"0","override_like_counter":"0","like_counter_number":"0","override_dislike_counter":"0","dislike_counter_number":"0"},"footnotes":""},"categories":[1,8],"tags":[4551,4552,4550,1422],"class_list":["post-14766","post","type-post","status-publish","format-standard","has-post-thumbnail","hentry","category-son-haberler","category-turkiye","tag-boguldu","tag-ilayda-kilic","tag-salda","tag-slider-manset"],"acf":[],"_links":{"self":[{"href":"https:\/\/www.turkishpost.net\/ar\/wp-json\/wp\/v2\/posts\/14766","targetHints":{"allow":["GET"]}}],"collection":[{"href":"https:\/\/www.turkishpost.net\/ar\/wp-json\/wp\/v2\/posts"}],"about":[{"href":"https:\/\/www.turkishpost.net\/ar\/wp-json\/wp\/v2\/types\/post"}],"author":[{"embeddable":true,"href":"https:\/\/www.turkishpost.net\/ar\/wp-json\/wp\/v2\/users\/2"}],"replies":[{"embeddable":true,"href":"https:\/\/www.turkishpost.net\/ar\/wp-json\/wp\/v2\/comments?post=14766"}],"version-history":[{"count":0,"href":"https:\/\/www.turkishpost.net\/ar\/wp-json\/wp\/v2\/posts\/14766\/revisions"}],"wp:featuredmedia":[{"embeddable":true,"href":"https:\/\/www.turkishpost.net\/ar\/wp-json\/wp\/v2\/media\/14769"}],"wp:attachment":[{"href":"https:\/\/www.turkishpost.net\/ar\/wp-json\/wp\/v2\/media?parent=14766"}],"wp:term":[{"taxonomy":"category","embeddable":true,"href":"https:\/\/www.turkishpost.net\/ar\/wp-json\/wp\/v2\/categories?post=14766"},{"taxonomy":"post_tag","embeddable":true,"href":"https:\/\/www.turkishpost.net\/ar\/wp-json\/wp\/v2\/tags?post=14766"}],"curies":[{"name":"wp","href":"https:\/\/api.w.org\/{rel}","templated":true}]}}