{"id":14754,"date":"2023-07-02T10:27:36","date_gmt":"2023-07-02T07:27:36","guid":{"rendered":"https:\/\/www.turkishpost.net\/ar\/?p=14754"},"modified":"2023-07-02T10:27:36","modified_gmt":"2023-07-02T07:27:36","slug":"izmirde-makas-faciasinda-18-yasindaki-surucunun-ifadesi-ortaya-cikti","status":"publish","type":"post","link":"https:\/\/www.turkishpost.net\/ar\/izmirde-makas-faciasinda-18-yasindaki-surucunun-ifadesi-ortaya-cikti\/","title":{"rendered":"\u0130zmir&#8217;de &#8216;makas&#8217; facias\u0131nda 18 ya\u015f\u0131ndaki s\u00fcr\u00fcc\u00fcn\u00fcn ifadesi ortaya \u00e7\u0131kt\u0131"},"content":{"rendered":"<p><strong>(The Turkish Post) &#8211;<\/strong> \u0130zmir\u2019in Menderes il\u00e7esinde 5 ki\u015finin hayat\u0131n\u0131 kaybetti\u011fi, 20 ki\u015finin yaraland\u0131\u011f\u0131 kazada ac\u0131 detaylar ortaya \u00e7\u0131k\u0131yor. 5 ki\u015finin \u00f6l\u00fcm\u00fcne sebep olan 18 ya\u015f\u0131ndaki s\u00fcr\u00fcc\u00fc tutukland\u0131. S\u00fcr\u00fcc\u00fcn\u00fcn ilk ifadesi ortaya \u00e7\u0131kt\u0131.<\/p>\n<p>5 ki\u015finin hayat\u0131n\u0131 kaybetti\u011fi feci kaza \u00f6nceki g\u00fcn saat 19.30 s\u0131ralar\u0131nda \u0130zmir-Ayd\u0131n Yolu K\u0131s\u0131k Mahallesi mevkiinde meydana geldi.<\/p>\n<p>\u0130ddiaya g\u00f6re; \u0130zmir\u2019den Torbal\u0131&#8217;ya giden hafif ticari ara\u00e7, makas atmak istedi\u011fi s\u0131rada direksiyon hakimiyetini kaybetti.<\/p>\n<p><strong>ORTALIK SAVA\u015e ALANINA D\u00d6ND\u00dc<\/strong><\/p>\n<p>Ara\u00e7 sol \u015feritte ilerleyen \u00d6zcan \u00d6zer (57) idaresindeki otomobile \u00e7arpt\u0131. \u00c7arpman\u0131n etkiyile ref\u00fcj\u00fc a\u015fan \u00d6zcan \u00d6zer idaresindeki otomobil, kar\u015f\u0131 yola savruldu ve Torbal\u0131\u2019dan \u0130zmir istikametine seyir halinde olan \u0130smail A. idaresindeki minib\u00fcsle kafa kafaya \u00e7arp\u0131\u015ft\u0131. Ortal\u0131k sava\u015f alan\u0131na d\u00f6nd\u00fc.<\/p>\n<p>Olay yerine polis, jandarma, sa\u011fl\u0131k ve itfaiye ekipleri sevk edildi. Polis ve jandarma ekipleri kazan\u0131n oldu\u011fu b\u00f6lgede g\u00fcvenlik \u00f6nlemleri al\u0131rken, ara\u00e7lar\u0131n i\u00e7erisinde s\u0131k\u0131\u015fan yaral\u0131lar itfaiye ekipleri taraf\u0131ndan \u00e7\u0131kart\u0131ld\u0131.<\/p>\n<p><strong>\u00d6L\u00dc SAYISI 5&#8217;E Y\u00dcKSELD\u0130<\/strong><\/p>\n<p>Otomobil i\u00e7erisinde bulunan \u00d6zcan \u00d6zer\u2019in e\u015fi Sibel \u00d6zer (54) ve ablas\u0131 \u015eeng\u00fcl Acar\u2019\u0131n (69) kaza yerinde hayat\u0131n\u0131 kaybetti\u011fi belirlendi.<\/p>\n<p>Kazada yaralanan vatanda\u015flar \u00e7evre hastanelere kald\u0131r\u0131ld\u0131. Gaziemir Nevvar Salih \u0130\u015fg\u00f6ren Devlet Hastanesinde tedaviye al\u0131nan \u00d6zcan \u00d6zer ve minib\u00fcste bulunan Mustafa Karaca, yap\u0131lan m\u00fcdahalelere ra\u011fmen kurtar\u0131lamad\u0131. Kazada otomobil i\u00e7erisinde bulunan 11 ki\u015fiden 7&#8217;sinin yaraland\u0131\u011f\u0131 bildirilirken, minib\u00fcste bulunan 14 yaral\u0131yla birlikte toplam 5&#8217;i a\u011f\u0131r 21 yaral\u0131n\u0131n tedavisinin bug\u00fcn de devam ediyor.<\/p>\n<p><strong>18 YA\u015eINDAK\u0130 O\u011eULLARI DA HAYATINI KAYBETT\u0130<\/strong><\/p>\n<p>Yaral\u0131lardan durumu a\u011f\u0131r olan \u00d6zer \u00e7iftinin 18 ya\u015f\u0131ndaki o\u011fullar\u0131, hastanedeki t\u00fcm m\u00fcdahalelere ra\u011fmen kurtar\u0131lamayarak bug\u00fcn hayat\u0131n\u0131 kaybetti.<\/p>\n<p><strong>SOLLAMA SEVDASI!<\/strong><\/p>\n<p>\u00d6te yandan, \u00d6zcan \u00d6zer&#8217;in kontrol\u00fcndeki otomobildekilerin sabah g\u00fcn\u00fcbirlik denize gitti\u011fi, kazan\u0131n ak\u015fam d\u00f6n\u00fc\u015f yolunda oldu\u011fu belirtildi. Kazada, otomobile \u00e7arpan hafif ticari arac\u0131n s\u00fcr\u00fcc\u00fcs\u00fc Y.K. olay yerinden h\u0131zla uzakla\u015ft\u0131ktan sonra, yakalan\u0131p g\u00f6zalt\u0131na al\u0131nd\u0131. 18 ya\u015f\u0131ndaki s\u00fcr\u00fcc\u00fc Y.K.&#8217;nin jandarmadaki ilk ifadesinde sollama yapmak isterken otomobile \u00e7arpt\u0131\u011f\u0131n\u0131 s\u00f6yledi\u011fi \u00f6\u011frenildi. S\u00fcr\u00fcc\u00fc, jandarmadaki i\u015flemlerin ard\u0131ndan \u00e7\u0131kar\u0131ld\u0131\u011f\u0131 hakimlik\u00e7e tutuklanarak cezaevine g\u00f6nderildi.<\/p>\n<p>Kazayla ilgili ba\u015flat\u0131lan soru\u015fturma s\u00fcr\u00fcyor.<\/p>\n","protected":false},"excerpt":{"rendered":"<p>(The Turkish Post) &#8211; \u0130zmir\u2019in Menderes il\u00e7esinde 5 ki\u015finin hayat\u0131n\u0131 kaybetti\u011fi, 20 ki\u015finin yaraland\u0131\u011f\u0131 kazada ac\u0131 detaylar ortaya \u00e7\u0131k\u0131yor. 5 ki\u015finin \u00f6l\u00fcm\u00fcne sebep olan 18 ya\u015f\u0131ndaki s\u00fcr\u00fcc\u00fc tutukland\u0131. S\u00fcr\u00fcc\u00fcn\u00fcn ilk ifadesi ortaya \u00e7\u0131kt\u0131. 5 ki\u015finin hayat\u0131n\u0131 kaybetti\u011fi feci kaza \u00f6nceki g\u00fcn saat 19.30 s\u0131ralar\u0131nda \u0130zmir-Ayd\u0131n Yolu K\u0131s\u0131k Mahallesi mevkiinde meydana geldi. \u0130ddiaya g\u00f6re; \u0130zmir\u2019den Torbal\u0131&#8217;ya [&hellip;]<\/p>\n","protected":false},"author":2,"featured_media":14755,"comment_status":"open","ping_status":"open","sticky":false,"template":"","format":"standard","meta":{"_acf_changed":false,"jnews-multi-image_gallery":[],"jnews_single_post":{"source_name":"Ger\u00e7ek G\u00fcndem","source_url":"https:\/\/www.gercekgundem.com\/guncel\/izmirdeki-makas-faciasinda-5-kisinin-olumune-neden-olan-18-yasindaki-gencin-ifadesi-ortaya-cikti-428512","via_name":"","via_url":"","override_template":"0","override":[{"template":"1","single_blog_custom":"","parallax":"1","fullscreen":"1","layout":"right-sidebar","sidebar":"default-sidebar","second_sidebar":"default-sidebar","sticky_sidebar":"1","share_position":"topbottom","share_float_style":"share-monocrhome","show_share_counter":"0","show_view_counter":"0","show_featured":"1","show_post_meta":"1","show_post_author":"0","show_post_author_image":"1","show_post_date":"1","post_date_format":"default","post_date_format_custom":"Y\/m\/d","show_post_category":"0","show_post_reading_time":"1","post_reading_time_wpm":"300","show_zoom_button":"1","zoom_button_out_step":"4","zoom_button_in_step":"4","show_post_tag":"1","show_prev_next_post":"0","show_popup_post":"1","number_popup_post":"2","show_author_box":"1","show_post_related":"1","show_inline_post_related":"0"}],"override_image_size":"0","image_override":[{"single_post_thumbnail_size":"crop-715","single_post_gallery_size":"crop-500"}],"trending_post":"0","trending_post_position":"meta","trending_post_label":"Trending","sponsored_post":"0","sponsored_post_label":"Sponsored by","sponsored_post_name":"","sponsored_post_url":"","sponsored_post_logo_enable":"0","sponsored_post_logo":"","sponsored_post_desc":"","disable_ad":"0"},"jnews_primary_category":{"id":"8","hide":""},"jnews_override_bookmark_settings":{"override_bookmark_button":"0","override_show_bookmark_button":"0"},"jnews_social_meta":{"fb_title":"","fb_description":"","fb_image":"","twitter_title":"","twitter_description":"","twitter_image":""},"jnews_override_counter":{"override_view_counter":"0","view_counter_number":"0","override_share_counter":"0","share_counter_number":"0","override_like_counter":"0","like_counter_number":"0","override_dislike_counter":"0","dislike_counter_number":"0"},"footnotes":""},"categories":[1,8],"tags":[1047,4539,4540,1422],"class_list":["post-14754","post","type-post","status-publish","format-standard","has-post-thumbnail","hentry","category-son-haberler","category-turkiye","tag-izmir","tag-makas-faciasi","tag-menderes","tag-slider-manset"],"acf":[],"_links":{"self":[{"href":"https:\/\/www.turkishpost.net\/ar\/wp-json\/wp\/v2\/posts\/14754","targetHints":{"allow":["GET"]}}],"collection":[{"href":"https:\/\/www.turkishpost.net\/ar\/wp-json\/wp\/v2\/posts"}],"about":[{"href":"https:\/\/www.turkishpost.net\/ar\/wp-json\/wp\/v2\/types\/post"}],"author":[{"embeddable":true,"href":"https:\/\/www.turkishpost.net\/ar\/wp-json\/wp\/v2\/users\/2"}],"replies":[{"embeddable":true,"href":"https:\/\/www.turkishpost.net\/ar\/wp-json\/wp\/v2\/comments?post=14754"}],"version-history":[{"count":0,"href":"https:\/\/www.turkishpost.net\/ar\/wp-json\/wp\/v2\/posts\/14754\/revisions"}],"wp:featuredmedia":[{"embeddable":true,"href":"https:\/\/www.turkishpost.net\/ar\/wp-json\/wp\/v2\/media\/14755"}],"wp:attachment":[{"href":"https:\/\/www.turkishpost.net\/ar\/wp-json\/wp\/v2\/media?parent=14754"}],"wp:term":[{"taxonomy":"category","embeddable":true,"href":"https:\/\/www.turkishpost.net\/ar\/wp-json\/wp\/v2\/categories?post=14754"},{"taxonomy":"post_tag","embeddable":true,"href":"https:\/\/www.turkishpost.net\/ar\/wp-json\/wp\/v2\/tags?post=14754"}],"curies":[{"name":"wp","href":"https:\/\/api.w.org\/{rel}","templated":true}]}}