{"id":13454,"date":"2023-06-17T22:05:18","date_gmt":"2023-06-17T19:05:18","guid":{"rendered":"https:\/\/www.turkishpost.net\/ar\/?p=13454"},"modified":"2023-06-17T23:17:28","modified_gmt":"2023-06-17T20:17:28","slug":"turkiye-tarihinde-ilk-kez-avrupa-sampiyonasinda-eskrimde-altin-madalya-kazandi","status":"publish","type":"post","link":"https:\/\/www.turkishpost.net\/ar\/turkiye-tarihinde-ilk-kez-avrupa-sampiyonasinda-eskrimde-altin-madalya-kazandi\/","title":{"rendered":"T\u00fcrkiye, tarihinde ilk kez Avrupa \u015eampiyonas\u0131&#8217;nda eskrimde alt\u0131n madalya kazand\u0131"},"content":{"rendered":"<p><strong>(The Turkish Post) &#8211;<\/strong> Milli eskrimci Enver Y\u0131ld\u0131r\u0131m, Bulgaristan&#8217;da d\u00fczenlenen B\u00fcy\u00fckler Avrupa Eskrim \u015eampiyonas\u0131&#8217;nda k\u0131l\u0131\u00e7 kategorisinde bronz madalyan\u0131n sahibi oldu. Y\u0131ld\u0131r\u0131m, T\u00fcrk eskrim tarihinde b\u00fcy\u00fcklerde ilk Avrupa madalyas\u0131n\u0131 kazanan isim oldu.<\/p>\n<p>T\u00fcrkiye Eskrim Federasyonundan yap\u0131lan a\u00e7\u0131klamaya g\u00f6re, Filibe kentinde devam eden organizasyonda milli sporcu Enver Y\u0131ld\u0131r\u0131m, \u00fc\u00e7\u00fcnc\u00fc olarak bronz madalya elde etti.<\/p>\n<p>Ay y\u0131ld\u0131zl\u0131 eskrimci Enver Y\u0131ld\u0131r\u0131m, bu ba\u015far\u0131s\u0131yla T\u00fcrkiye&#8217;ye b\u00fcy\u00fcklerde tarihteki ilk bireysel Avrupa \u015eampiyonas\u0131 madalyas\u0131n\u0131 kazand\u0131rd\u0131.<\/p>\n<p>\u015eampiyona yar\u0131n sona erecek.<\/p>\n","protected":false},"excerpt":{"rendered":"<p>(The Turkish Post) &#8211; Milli eskrimci Enver Y\u0131ld\u0131r\u0131m, Bulgaristan&#8217;da d\u00fczenlenen B\u00fcy\u00fckler Avrupa Eskrim \u015eampiyonas\u0131&#8217;nda k\u0131l\u0131\u00e7 kategorisinde bronz madalyan\u0131n sahibi oldu. Y\u0131ld\u0131r\u0131m, T\u00fcrk eskrim tarihinde b\u00fcy\u00fcklerde ilk Avrupa madalyas\u0131n\u0131 kazanan isim oldu. T\u00fcrkiye Eskrim Federasyonundan yap\u0131lan a\u00e7\u0131klamaya g\u00f6re, Filibe kentinde devam eden organizasyonda milli sporcu Enver Y\u0131ld\u0131r\u0131m, \u00fc\u00e7\u00fcnc\u00fc olarak bronz madalya elde etti. Ay y\u0131ld\u0131zl\u0131 eskrimci [&hellip;]<\/p>\n","protected":false},"author":2,"featured_media":13455,"comment_status":"open","ping_status":"open","sticky":false,"template":"","format":"standard","meta":{"_acf_changed":false,"jnews-multi-image_gallery":[],"jnews_single_post":{"source_name":"Cumhuriyet","source_url":"https:\/\/www.cumhuriyet.com.tr\/spor\/milli-eskrimci-enver-yildirim-avrupa-sampiyonasinda-turkiyeye-tarihindeki-ilk-madalyayi-kazandirdi-2091568","via_name":"","via_url":"","override_template":"0","override":[{"template":"1","single_blog_custom":"","parallax":"1","fullscreen":"1","layout":"right-sidebar","sidebar":"default-sidebar","second_sidebar":"default-sidebar","sticky_sidebar":"1","share_position":"topbottom","share_float_style":"share-monocrhome","show_share_counter":"0","show_view_counter":"0","show_featured":"1","show_post_meta":"1","show_post_author":"0","show_post_author_image":"1","show_post_date":"1","post_date_format":"default","post_date_format_custom":"Y\/m\/d","show_post_category":"0","show_post_reading_time":"1","post_reading_time_wpm":"300","show_zoom_button":"1","zoom_button_out_step":"4","zoom_button_in_step":"4","show_post_tag":"1","show_prev_next_post":"0","show_popup_post":"1","number_popup_post":"2","show_author_box":"1","show_post_related":"1","show_inline_post_related":"0"}],"override_image_size":"0","image_override":[{"single_post_thumbnail_size":"crop-715","single_post_gallery_size":"crop-500"}],"trending_post":"0","trending_post_position":"meta","trending_post_label":"Trending","sponsored_post":"0","sponsored_post_label":"Sponsored by","sponsored_post_name":"","sponsored_post_url":"","sponsored_post_logo_enable":"0","sponsored_post_logo":"","sponsored_post_desc":"","disable_ad":"0"},"jnews_primary_category":{"id":"7","hide":""},"jnews_override_bookmark_settings":{"override_bookmark_button":"0","override_show_bookmark_button":"0"},"jnews_social_meta":{"fb_title":"","fb_description":"","fb_image":"","twitter_title":"","twitter_description":"","twitter_image":""},"jnews_override_counter":{"override_view_counter":"0","view_counter_number":"0","override_share_counter":"0","share_counter_number":"0","override_like_counter":"0","like_counter_number":"0","override_dislike_counter":"0","dislike_counter_number":"0"},"footnotes":""},"categories":[1,7],"tags":[4103,4105,4104],"class_list":["post-13454","post","type-post","status-publish","format-standard","has-post-thumbnail","hentry","category-son-haberler","category-spor","tag-avrupa-sampiyonasi","tag-enver-yildirim","tag-eskrim"],"acf":[],"_links":{"self":[{"href":"https:\/\/www.turkishpost.net\/ar\/wp-json\/wp\/v2\/posts\/13454","targetHints":{"allow":["GET"]}}],"collection":[{"href":"https:\/\/www.turkishpost.net\/ar\/wp-json\/wp\/v2\/posts"}],"about":[{"href":"https:\/\/www.turkishpost.net\/ar\/wp-json\/wp\/v2\/types\/post"}],"author":[{"embeddable":true,"href":"https:\/\/www.turkishpost.net\/ar\/wp-json\/wp\/v2\/users\/2"}],"replies":[{"embeddable":true,"href":"https:\/\/www.turkishpost.net\/ar\/wp-json\/wp\/v2\/comments?post=13454"}],"version-history":[{"count":0,"href":"https:\/\/www.turkishpost.net\/ar\/wp-json\/wp\/v2\/posts\/13454\/revisions"}],"wp:featuredmedia":[{"embeddable":true,"href":"https:\/\/www.turkishpost.net\/ar\/wp-json\/wp\/v2\/media\/13455"}],"wp:attachment":[{"href":"https:\/\/www.turkishpost.net\/ar\/wp-json\/wp\/v2\/media?parent=13454"}],"wp:term":[{"taxonomy":"category","embeddable":true,"href":"https:\/\/www.turkishpost.net\/ar\/wp-json\/wp\/v2\/categories?post=13454"},{"taxonomy":"post_tag","embeddable":true,"href":"https:\/\/www.turkishpost.net\/ar\/wp-json\/wp\/v2\/tags?post=13454"}],"curies":[{"name":"wp","href":"https:\/\/api.w.org\/{rel}","templated":true}]}}