{"id":11502,"date":"2023-05-30T17:24:55","date_gmt":"2023-05-30T14:24:55","guid":{"rendered":"https:\/\/www.turkishpost.net\/ar\/?p=11502"},"modified":"2023-05-30T17:24:55","modified_gmt":"2023-05-30T14:24:55","slug":"ayni-aileden-7-kisinin-katiline-7-kez-agirlastirilmis-hapis-cezasi-onandi","status":"publish","type":"post","link":"https:\/\/www.turkishpost.net\/ar\/ayni-aileden-7-kisinin-katiline-7-kez-agirlastirilmis-hapis-cezasi-onandi\/","title":{"rendered":"Ayn\u0131 aileden 7 ki\u015finin katiline, 7 kez a\u011f\u0131rla\u015ft\u0131r\u0131lm\u0131\u015f hapis cezas\u0131 onand\u0131"},"content":{"rendered":"<p><strong>(The Turkish Post) &#8211;<\/strong> Konya&#8217;da Dedeo\u011fullar\u0131 ailesinden 7 ki\u015fiyi \u00f6ld\u00fcren Mehmet Altun&#8217;un (33) hakk\u0131nda yerel mahkemenin verdi\u011fi &#8216;canavarca hisle tasarlayarak kasten \u00f6ld\u00fcrme&#8217; su\u00e7undan 7 kez a\u011f\u0131rla\u015ft\u0131r\u0131lm\u0131\u015f m\u00fcebbet hapis cezas\u0131 karar\u0131, Konya B\u00f6lge Adliye Mahkemesi 1&#8217;inci Ceza Dairesi taraf\u0131ndan onand\u0131.<\/p>\n<p>Ge\u00e7en y\u0131l 30 Temmuz&#8217;da, Meram il\u00e7esi Hasank\u00f6y Mahallesi \u00d6z\u015fahin Sokak&#8217;ta, Ya\u015far Dedeo\u011fullar\u0131&#8217;n\u0131n (65) evine, 2010&#8217;dan beri husumetli oldu\u011fu yan kom\u015fusu L\u00fctfi Kele\u015f&#8217;in kay\u0131nbiraderi Mehmet Altun geldi.<\/p>\n<p>Bah\u00e7ede aileyle konu\u015fan Altun, daha sonra po\u015fetten \u00e7\u0131kard\u0131\u011f\u0131 tabancayla pe\u015f pe\u015fe ate\u015f etti. Sald\u0131r\u0131da Ya\u015far Dedeo\u011fullar\u0131 ile e\u015fi \u0130pek (57), \u00e7ocuklar\u0131 Serap (33), Serpil (29), Sibel (35), Metin (42) ve Bar\u0131\u015f (31) Dedeo\u011fullar\u0131 ya\u015fam\u0131n\u0131 yitirdi.<\/p>\n<p>Kiralad\u0131\u011f\u0131 ara\u00e7la ka\u00e7an Altun, 4 A\u011fustos&#8217;ta \u00f6zel harekat ekiplerince Bozk\u0131r il\u00e7esi \u00dc\u00e7p\u0131nar Mahallesi&#8217;nde arazi taramas\u0131 s\u0131ras\u0131nda yakalan\u0131p tutukland\u0131.<\/p>\n<p><strong>EYLEM\u0130N ETN\u0130K BOYUTU YOK<\/strong><\/p>\n<p>Konya 4&#8217;\u00fcnc\u00fc A\u011f\u0131r Ceza Mahkemesi&#8217;nde g\u00f6r\u00fclen karar duru\u015fmas\u0131na; tutuklu Mehmet Altun SEGB\u0130S ile kat\u0131ld\u0131.<\/p>\n<p>Mahkeme san\u0131k Mehmet Altun&#8217;a &#8216;canavarca hisle tasarlayarak kasten \u00f6ld\u00fcrme&#8217; su\u00e7undan 7 kez a\u011f\u0131rla\u015ft\u0131r\u0131lm\u0131\u015f m\u00fcebbet hapis ile &#8216;mala zarar vermekten&#8217; 4, &#8216;konut dokunulmazl\u0131\u011f\u0131 ihlalinden&#8217; 4, &#8216;ruhsats\u0131z silah bulundurmaktan&#8217; da 2 y\u0131l hapis cezas\u0131 verdi.<\/p>\n<p>Mahkeme di\u011fer 10 san\u0131k hakk\u0131nda da &#8216;azmettirme&#8217; su\u00e7undun beraat karar\u0131na h\u00fckmetti.<\/p>\n<p>Yarg\u0131lamayla ilgili gerek\u00e7eli kararda, san\u0131k Mehmet Altun&#8217;un eyleminde etnik boyutun bulunmad\u0131\u011f\u0131 belirtildi. Kararda, \u015fu ifadelere yer verildi:<\/p>\n<p>&#8220;San\u0131k Mehmet Altun&#8217;un eyleminin, iki aile aras\u0131ndaki k\u0131sa bir s\u00fcre \u00f6nce meydana gelen kavga olay\u0131 sebebiyle ger\u00e7ekle\u015ftirdi\u011fi, olay\u0131n milli, etnik, dini bir boyutunun bulunmad\u0131\u011f\u0131, kat\u0131lan ve kat\u0131lan vekillerinin olay\u0131n b\u00f6yle bir boyutu oldu\u011funa dair beyanlar\u0131n\u0131n hukuki hi\u00e7bir delil ile desteklenmedi\u011fi kanaatine var\u0131lm\u0131\u015ft\u0131r.&#8221;<\/p>\n<p>Mehmet Altun&#8217;un cezas\u0131nda tahdit indirimi de uygulanmad\u0131\u011f\u0131 belirtilen kararda, &#8221;Meydana gelen olay\u0131n vahameti, maktul say\u0131s\u0131, san\u0131\u011f\u0131n olay sonras\u0131nda ka\u00e7mas\u0131, eylemi ger\u00e7ekle\u015ftirme \u015fekli, olay\u0131n toplumda yaratt\u0131\u011f\u0131 infial, savunmalarda pi\u015fmanl\u0131\u011f\u0131n\u0131 a\u00e7\u0131k\u00e7a belirtmemi\u015f olmas\u0131 ve pi\u015fmanl\u0131\u011f\u0131n\u0131n mahkememizce de g\u00f6zlemlenmemesi, ceza adaleti ve cayd\u0131r\u0131c\u0131 olma \u00f6zellikleri dikkate al\u0131narak, san\u0131k hakk\u0131nda mahkememizce takdiri indirim h\u00fck\u00fcmlerinin uygulanmamas\u0131 kanaatine var\u0131lm\u0131\u015ft\u0131r&#8221; denildi.<\/p>\n<p>Bir \u00fcst mahkeme olan Konya B\u00f6lge Adliye Mahkemesi 1&#8217;inci Ceza Dairesi,\u00a0 Mehmet Altun hakk\u0131nda, Konya 4&#8217;\u00fcnc\u00fc A\u011f\u0131r Ceza Mahkemesi&#8217;nin\u00a0 verdi\u011fi karar\u0131 onad\u0131.<\/p>\n","protected":false},"excerpt":{"rendered":"<p>(The Turkish Post) &#8211; Konya&#8217;da Dedeo\u011fullar\u0131 ailesinden 7 ki\u015fiyi \u00f6ld\u00fcren Mehmet Altun&#8217;un (33) hakk\u0131nda yerel mahkemenin verdi\u011fi &#8216;canavarca hisle tasarlayarak kasten \u00f6ld\u00fcrme&#8217; su\u00e7undan 7 kez a\u011f\u0131rla\u015ft\u0131r\u0131lm\u0131\u015f m\u00fcebbet hapis cezas\u0131 karar\u0131, Konya B\u00f6lge Adliye Mahkemesi 1&#8217;inci Ceza Dairesi taraf\u0131ndan onand\u0131. Ge\u00e7en y\u0131l 30 Temmuz&#8217;da, Meram il\u00e7esi Hasank\u00f6y Mahallesi \u00d6z\u015fahin Sokak&#8217;ta, Ya\u015far Dedeo\u011fullar\u0131&#8217;n\u0131n (65) evine, 2010&#8217;dan beri [&hellip;]<\/p>\n","protected":false},"author":2,"featured_media":11505,"comment_status":"open","ping_status":"open","sticky":false,"template":"","format":"standard","meta":{"_acf_changed":false,"jnews-multi-image_gallery":[],"jnews_single_post":{"source_name":"Cumhuriyet","source_url":"https:\/\/www.cumhuriyet.com.tr\/turkiye\/ayni-aileden-7-kisinin-katiline-7-kez-agirlastirilmis-hapis-cezasi-onandi-2086103","via_name":"","via_url":"","override_template":"0","override":[{"template":"1","single_blog_custom":"","parallax":"1","fullscreen":"1","layout":"right-sidebar","sidebar":"default-sidebar","second_sidebar":"default-sidebar","sticky_sidebar":"1","share_position":"topbottom","share_float_style":"share-monocrhome","show_share_counter":"0","show_view_counter":"0","show_featured":"1","show_post_meta":"1","show_post_author":"0","show_post_author_image":"1","show_post_date":"1","post_date_format":"default","post_date_format_custom":"Y\/m\/d","show_post_category":"0","show_post_reading_time":"1","post_reading_time_wpm":"300","show_zoom_button":"1","zoom_button_out_step":"4","zoom_button_in_step":"4","show_post_tag":"1","show_prev_next_post":"0","show_popup_post":"1","number_popup_post":"2","show_author_box":"1","show_post_related":"1","show_inline_post_related":"0"}],"override_image_size":"0","image_override":[{"single_post_thumbnail_size":"crop-715","single_post_gallery_size":"crop-500"}],"trending_post":"0","trending_post_position":"meta","trending_post_label":"Trending","sponsored_post":"0","sponsored_post_label":"Sponsored by","sponsored_post_name":"","sponsored_post_url":"","sponsored_post_logo_enable":"0","sponsored_post_logo":"","sponsored_post_desc":"","disable_ad":"0"},"jnews_primary_category":{"id":"8","hide":""},"jnews_override_bookmark_settings":{"override_bookmark_button":"0","override_show_bookmark_button":"0"},"jnews_social_meta":{"fb_title":"","fb_description":"","fb_image":"","twitter_title":"","twitter_description":"","twitter_image":""},"jnews_override_counter":{"override_view_counter":"0","view_counter_number":"0","override_share_counter":"0","share_counter_number":"0","override_like_counter":"0","like_counter_number":"0","override_dislike_counter":"0","dislike_counter_number":"0"},"footnotes":""},"categories":[1,8],"tags":[3454,3452,3453,1422],"class_list":["post-11502","post","type-post","status-publish","format-standard","has-post-thumbnail","hentry","category-son-haberler","category-turkiye","tag-dedeogullari","tag-mehmet-altun","tag-meram","tag-slider-manset"],"acf":[],"_links":{"self":[{"href":"https:\/\/www.turkishpost.net\/ar\/wp-json\/wp\/v2\/posts\/11502","targetHints":{"allow":["GET"]}}],"collection":[{"href":"https:\/\/www.turkishpost.net\/ar\/wp-json\/wp\/v2\/posts"}],"about":[{"href":"https:\/\/www.turkishpost.net\/ar\/wp-json\/wp\/v2\/types\/post"}],"author":[{"embeddable":true,"href":"https:\/\/www.turkishpost.net\/ar\/wp-json\/wp\/v2\/users\/2"}],"replies":[{"embeddable":true,"href":"https:\/\/www.turkishpost.net\/ar\/wp-json\/wp\/v2\/comments?post=11502"}],"version-history":[{"count":0,"href":"https:\/\/www.turkishpost.net\/ar\/wp-json\/wp\/v2\/posts\/11502\/revisions"}],"wp:featuredmedia":[{"embeddable":true,"href":"https:\/\/www.turkishpost.net\/ar\/wp-json\/wp\/v2\/media\/11505"}],"wp:attachment":[{"href":"https:\/\/www.turkishpost.net\/ar\/wp-json\/wp\/v2\/media?parent=11502"}],"wp:term":[{"taxonomy":"category","embeddable":true,"href":"https:\/\/www.turkishpost.net\/ar\/wp-json\/wp\/v2\/categories?post=11502"},{"taxonomy":"post_tag","embeddable":true,"href":"https:\/\/www.turkishpost.net\/ar\/wp-json\/wp\/v2\/tags?post=11502"}],"curies":[{"name":"wp","href":"https:\/\/api.w.org\/{rel}","templated":true}]}}