{"id":11250,"date":"2023-05-28T14:33:52","date_gmt":"2023-05-28T11:33:52","guid":{"rendered":"https:\/\/www.turkishpost.net\/ar\/?p=11250"},"modified":"2023-05-28T14:33:52","modified_gmt":"2023-05-28T11:33:52","slug":"sehit-kardesinin-tabutunun-basinda-soyledikleri-gundem-olmustu-yarbay-mehmet-alkan-adini-degistirdi","status":"publish","type":"post","link":"https:\/\/www.turkishpost.net\/ar\/sehit-kardesinin-tabutunun-basinda-soyledikleri-gundem-olmustu-yarbay-mehmet-alkan-adini-degistirdi\/","title":{"rendered":"\u015eehit karde\u015finin tabutunun ba\u015f\u0131nda s\u00f6yledikleri g\u00fcndem olmu\u015ftu: Yarbay Mehmet Alkan ad\u0131n\u0131 de\u011fi\u015ftirdi"},"content":{"rendered":"<p><strong>(The Turkish Post) &#8211;<\/strong> \u015e\u0131rnak Beyt\u00fc\u015f\u015febab&#8217;ta ter\u00f6ristlerle girdi\u011fi \u00e7at\u0131\u015fmada \u015fehit olan Jandarma Y\u00fczba\u015f\u0131 Ali Alkan&#8217;\u0131n a\u011fabeyi Yarbay Mehmet Alkan, karde\u015finin cenaze t\u00f6reni ve sonras\u0131nda \u2018\u00e7\u00f6z\u00fcm s\u00fcrecine\u2019 tepki g\u00f6stermi\u015fti.<\/p>\n<p>\u015eehit karde\u015finin bayra\u011fa sar\u0131l\u0131 tabutu ba\u015f\u0131nda s\u00f6yledi\u011fi \u201cD\u00fcne kadar \u00e7\u00f6z\u00fcm diyenler, ne oldu da sonuna kadar sava\u015f diyor\u201d s\u00f6zleri ile haf\u0131zalara kaz\u0131nan Alkan, sosyal medya hesab\u0131ndan yapt\u0131\u011f\u0131 a\u00e7\u0131klamada ad\u0131n\u0131 de\u011fi\u015ftirdi\u011fini duyurdu.<\/p>\n<p>Mehmet olan ad\u0131n\u0131 Yarbay olarak de\u011fi\u015ftirdi\u011fini duyuran Alkan, yapt\u0131\u011f\u0131 payla\u015f\u0131mda karar\u0131n\u0131n gerek\u00e7elerini s\u0131ralad\u0131.<\/p>\n<p>Alkan payla\u015f\u0131m\u0131nda \u015fu ifadelere yer verdi:<\/p>\n<p>\u201cDaha do\u011fu\u015ftan yanl\u0131\u015f anlay\u0131\u015fla Arap ad\u0131 verilmesi, Memleketin &#8220;katar katar&#8221; Araplara sat\u0131lmas\u0131, Arapla\u015fman\u0131n din olarak sunulmas\u0131 ve anla\u015f\u0131lmas\u0131, \u0130ktidar taraf\u0131ndan sahte i\u015flem ve evraklarla r\u00fctbemin gasp edilmesi nedeniyle MEHMET olan ad\u0131m YARBAY olarak de\u011fi\u015fmi\u015ftir.\u201d<\/p>\n<p><strong>\u201cBURADA VATAN EVLADI 32 YA\u015eINDA\u2026\u201d<\/strong><\/p>\n<p>\u015e\u0131rnak Beyt\u00fc\u015f\u015febab&#8217;ta ter\u00f6ristlerle girdi\u011fi \u00e7at\u0131\u015fmada \u015fehit olan Jandarma Y\u00fczba\u015f\u0131 Ali Alkan&#8217;\u0131n a\u011fabeyi Yarbay Mehmet Alkan, karde\u015finin cenaze t\u00f6reni ve sonras\u0131nda \u2018\u00e7\u00f6z\u00fcm s\u00fcrecine\u2019 tepki g\u00f6stermi\u015fti.<\/p>\n<p>\u015eehit karde\u015finin bayra\u011fa sar\u0131l\u0131 tabutu ba\u015f\u0131nda s\u00f6yledi\u011fi \u201cBurada vatan evlad\u0131 32 ya\u015f\u0131nda. Daha vatan\u0131na, sevdiklerine doymad\u0131. Bunun katili kim? Bunu sebebi kim? D\u00fcne kadar \u2018\u00e7\u00f6z\u00fcm\u2019 diyenler bug\u00fcn neden sonuna kadar \u2018sava\u015f\u2019 diyor\u201d s\u00f6zleri ile haf\u0131zalara kaz\u0131nan Yarbay Alkan hakk\u0131nda idari tahkikat a\u00e7\u0131lm\u0131\u015ft\u0131.<\/p>\n<p>Yarbay Alkan, karde\u015finin \u00f6l\u00fcm y\u0131ld\u00f6n\u00fcm\u00fcnde, Jandarma Genel Komutanl\u0131\u011f\u0131\u2019nda olu\u015fturulan De\u011ferlendirme Komisyonu&#8217;nun karar\u0131 ile Jandarma te\u015fkil\u00e2t\u0131ndan \u00e7\u0131kar\u0131ld\u0131. Alkan&#8217;\u0131n TSK&#8217;dan ihra\u00e7 edili\u015fi ise KHK ile oldu.<\/p>\n<p>Hakk\u0131nda bir de \u2018FET\u00d6\/PDY \u00fcyeli\u011finden\u2019 15 y\u0131l hapis istemi ile dava a\u00e7\u0131lan Yarbay Alkan, 17 Temmuz 2019\u2019da beraat etti.<\/p>\n","protected":false},"excerpt":{"rendered":"<p>(The Turkish Post) &#8211; \u015e\u0131rnak Beyt\u00fc\u015f\u015febab&#8217;ta ter\u00f6ristlerle girdi\u011fi \u00e7at\u0131\u015fmada \u015fehit olan Jandarma Y\u00fczba\u015f\u0131 Ali Alkan&#8217;\u0131n a\u011fabeyi Yarbay Mehmet Alkan, karde\u015finin cenaze t\u00f6reni ve sonras\u0131nda \u2018\u00e7\u00f6z\u00fcm s\u00fcrecine\u2019 tepki g\u00f6stermi\u015fti. \u015eehit karde\u015finin bayra\u011fa sar\u0131l\u0131 tabutu ba\u015f\u0131nda s\u00f6yledi\u011fi \u201cD\u00fcne kadar \u00e7\u00f6z\u00fcm diyenler, ne oldu da sonuna kadar sava\u015f diyor\u201d s\u00f6zleri ile haf\u0131zalara kaz\u0131nan Alkan, sosyal medya hesab\u0131ndan yapt\u0131\u011f\u0131 [&hellip;]<\/p>\n","protected":false},"author":2,"featured_media":11258,"comment_status":"open","ping_status":"open","sticky":false,"template":"","format":"standard","meta":{"_acf_changed":false,"jnews-multi-image_gallery":[],"jnews_single_post":{"source_name":"Ger\u00e7ek G\u00fcndem","source_url":"https:\/\/www.gercekgundem.com\/guncel\/sehit-kardesinin-tabutunun-basinda-soyledikleri-gundem-olmustu-yarbay-mehmet-alkan-adini-degistirdi-424401","via_name":"","via_url":"","override_template":"0","override":[{"template":"1","single_blog_custom":"","parallax":"1","fullscreen":"1","layout":"right-sidebar","sidebar":"default-sidebar","second_sidebar":"default-sidebar","sticky_sidebar":"1","share_position":"topbottom","share_float_style":"share-monocrhome","show_share_counter":"0","show_view_counter":"0","show_featured":"1","show_post_meta":"1","show_post_author":"0","show_post_author_image":"1","show_post_date":"1","post_date_format":"default","post_date_format_custom":"Y\/m\/d","show_post_category":"0","show_post_reading_time":"1","post_reading_time_wpm":"300","show_zoom_button":"1","zoom_button_out_step":"4","zoom_button_in_step":"4","show_post_tag":"1","show_prev_next_post":"0","show_popup_post":"1","number_popup_post":"2","show_author_box":"1","show_post_related":"1","show_inline_post_related":"0"}],"override_image_size":"0","image_override":[{"single_post_thumbnail_size":"crop-715","single_post_gallery_size":"crop-500"}],"trending_post":"0","trending_post_position":"meta","trending_post_label":"Trending","sponsored_post":"0","sponsored_post_label":"Sponsored by","sponsored_post_name":"","sponsored_post_url":"","sponsored_post_logo_enable":"0","sponsored_post_logo":"","sponsored_post_desc":"","disable_ad":"0"},"jnews_primary_category":{"id":"8","hide":""},"jnews_override_bookmark_settings":{"override_bookmark_button":"0","override_show_bookmark_button":"0"},"jnews_social_meta":{"fb_title":"","fb_description":"","fb_image":"","twitter_title":"","twitter_description":"","twitter_image":""},"jnews_override_counter":{"override_view_counter":"0","view_counter_number":"0","override_share_counter":"0","share_counter_number":"0","override_like_counter":"0","like_counter_number":"0","override_dislike_counter":"0","dislike_counter_number":"0"},"footnotes":""},"categories":[1,8],"tags":[3352,1422,3351,3350],"class_list":["post-11250","post","type-post","status-publish","format-standard","has-post-thumbnail","hentry","category-son-haberler","category-turkiye","tag-adini-degistirdi","tag-slider-manset","tag-yarbay-mehmet-alkan","tag-yuzbasi-ali-alkan"],"acf":[],"_links":{"self":[{"href":"https:\/\/www.turkishpost.net\/ar\/wp-json\/wp\/v2\/posts\/11250","targetHints":{"allow":["GET"]}}],"collection":[{"href":"https:\/\/www.turkishpost.net\/ar\/wp-json\/wp\/v2\/posts"}],"about":[{"href":"https:\/\/www.turkishpost.net\/ar\/wp-json\/wp\/v2\/types\/post"}],"author":[{"embeddable":true,"href":"https:\/\/www.turkishpost.net\/ar\/wp-json\/wp\/v2\/users\/2"}],"replies":[{"embeddable":true,"href":"https:\/\/www.turkishpost.net\/ar\/wp-json\/wp\/v2\/comments?post=11250"}],"version-history":[{"count":0,"href":"https:\/\/www.turkishpost.net\/ar\/wp-json\/wp\/v2\/posts\/11250\/revisions"}],"wp:featuredmedia":[{"embeddable":true,"href":"https:\/\/www.turkishpost.net\/ar\/wp-json\/wp\/v2\/media\/11258"}],"wp:attachment":[{"href":"https:\/\/www.turkishpost.net\/ar\/wp-json\/wp\/v2\/media?parent=11250"}],"wp:term":[{"taxonomy":"category","embeddable":true,"href":"https:\/\/www.turkishpost.net\/ar\/wp-json\/wp\/v2\/categories?post=11250"},{"taxonomy":"post_tag","embeddable":true,"href":"https:\/\/www.turkishpost.net\/ar\/wp-json\/wp\/v2\/tags?post=11250"}],"curies":[{"name":"wp","href":"https:\/\/api.w.org\/{rel}","templated":true}]}}