{"id":10165,"date":"2023-05-18T20:33:04","date_gmt":"2023-05-18T17:33:04","guid":{"rendered":"https:\/\/www.turkishpost.net\/ar\/?p=10165"},"modified":"2023-05-19T12:56:53","modified_gmt":"2023-05-19T09:56:53","slug":"dunyanin-en-uzun-burunlu-insani-vefat-etti","status":"publish","type":"post","link":"https:\/\/www.turkishpost.net\/ar\/dunyanin-en-uzun-burunlu-insani-vefat-etti\/","title":{"rendered":"D\u00fcnyan\u0131n en uzun burunlu insan\u0131 vefat etti"},"content":{"rendered":"<p><strong>(The Turkish Post) \u2013<\/strong> Rize&#8217;de yay\u0131n yapan yerel bir televizyon kanal\u0131n\u0131n 1998 ve 2000 y\u0131llar\u0131nda d\u00fczenledi\u011fi &#8216;Uluslararas\u0131 Uzun Burun \u015eampiyonas\u0131&#8217;nda \u00fcst \u00fcste birinci olan ve 8,8 santimetrelik burnuyla 2011 y\u0131l\u0131nda Guinness Rekorlar Kitab\u0131&#8217;na da giren d\u00fcnyan\u0131n en uzun burunlu insan\u0131 Artvinli Mehmet \u00d6zy\u00fcrek, beyin damar nakli ameliyat\u0131 \u00f6ncesi Rize Devlet Hastanesi&#8217;ne tedaviye al\u0131nd\u0131.<\/p>\n<p>DHA&#8217;n\u0131n haberine g\u00f6re ameliyat \u00f6ncesi sabah saatlerinde aniden fenala\u015fan ve kalp krizi ge\u00e7irdi\u011fi belirlenen 74 ya\u015f\u0131ndaki \u00d6zy\u00fcrek, doktorlar\u0131n t\u00fcm \u00e7abas\u0131na ra\u011fmen kurtar\u0131lamad\u0131.<\/p>\n<p>\u00d6zy\u00fcrek&#8217;in, sosyal medya hesab\u0131ndan ameliyat \u00f6ncesi, &#8220;Rize Devlet Hastanesi&#8217;nde beyin damar nakli olaca\u011f\u0131m, in\u015fallah ameliyat\u0131 ba\u015far\u0131l\u0131 ge\u00e7eriz. T\u00fcm sevenlere sayg\u0131 ve sevgiler&#8221; notuyla son foto\u011fraf\u0131n\u0131 payla\u015ft\u0131\u011f\u0131 g\u00f6r\u00fcld\u00fc.<\/p>\n<p>Mehmet \u00d6zy\u00fcrek&#8217;in cuma g\u00fcn\u00fc Artvin&#8217;de topra\u011fa verilece\u011fi belirtildi.<\/p>\n","protected":false},"excerpt":{"rendered":"<p>(The Turkish Post) \u2013 Rize&#8217;de yay\u0131n yapan yerel bir televizyon kanal\u0131n\u0131n 1998 ve 2000 y\u0131llar\u0131nda d\u00fczenledi\u011fi &#8216;Uluslararas\u0131 Uzun Burun \u015eampiyonas\u0131&#8217;nda \u00fcst \u00fcste birinci olan ve 8,8 santimetrelik burnuyla 2011 y\u0131l\u0131nda Guinness Rekorlar Kitab\u0131&#8217;na da giren d\u00fcnyan\u0131n en uzun burunlu insan\u0131 Artvinli Mehmet \u00d6zy\u00fcrek, beyin damar nakli ameliyat\u0131 \u00f6ncesi Rize Devlet Hastanesi&#8217;ne tedaviye al\u0131nd\u0131. DHA&#8217;n\u0131n haberine [&hellip;]<\/p>\n","protected":false},"author":4,"featured_media":10166,"comment_status":"open","ping_status":"open","sticky":false,"template":"","format":"standard","meta":{"_acf_changed":false,"jnews-multi-image_gallery":[],"jnews_single_post":{"source_name":"","source_url":"","via_name":"","via_url":"","override_template":"0","override":[{"template":"1","single_blog_custom":"","parallax":"1","fullscreen":"1","layout":"right-sidebar","sidebar":"default-sidebar","second_sidebar":"default-sidebar","sticky_sidebar":"1","share_position":"topbottom","share_float_style":"share-monocrhome","show_share_counter":"0","show_view_counter":"0","show_featured":"1","show_post_meta":"1","show_post_author":"0","show_post_author_image":"1","show_post_date":"1","post_date_format":"default","post_date_format_custom":"Y\/m\/d","show_post_category":"0","show_post_reading_time":"1","post_reading_time_wpm":"300","show_zoom_button":"1","zoom_button_out_step":"4","zoom_button_in_step":"4","show_post_tag":"1","show_prev_next_post":"0","show_popup_post":"1","number_popup_post":"2","show_author_box":"1","show_post_related":"1","show_inline_post_related":"0"}],"override_image_size":"0","image_override":[{"single_post_thumbnail_size":"crop-715","single_post_gallery_size":"crop-500"}],"trending_post":"0","trending_post_position":"meta","trending_post_label":"Trending","sponsored_post":"0","sponsored_post_label":"Sponsored by","sponsored_post_name":"","sponsored_post_url":"","sponsored_post_logo_enable":"0","sponsored_post_logo":"","sponsored_post_desc":"","disable_ad":"0"},"jnews_primary_category":{"id":"8","hide":""},"jnews_override_bookmark_settings":{"override_bookmark_button":"0","override_show_bookmark_button":"0"},"jnews_social_meta":{"fb_title":"","fb_description":"","fb_image":"","twitter_title":"","twitter_description":"","twitter_image":""},"jnews_override_counter":{"override_view_counter":"0","view_counter_number":"0","override_share_counter":"0","share_counter_number":"0","override_like_counter":"0","like_counter_number":"0","override_dislike_counter":"0","dislike_counter_number":"0"},"footnotes":""},"categories":[1,8],"tags":[2910,2911,1422],"class_list":["post-10165","post","type-post","status-publish","format-standard","has-post-thumbnail","hentry","category-son-haberler","category-turkiye","tag-en-uzun-burun","tag-mehmet-ozyurek","tag-slider-manset"],"acf":[],"_links":{"self":[{"href":"https:\/\/www.turkishpost.net\/ar\/wp-json\/wp\/v2\/posts\/10165","targetHints":{"allow":["GET"]}}],"collection":[{"href":"https:\/\/www.turkishpost.net\/ar\/wp-json\/wp\/v2\/posts"}],"about":[{"href":"https:\/\/www.turkishpost.net\/ar\/wp-json\/wp\/v2\/types\/post"}],"author":[{"embeddable":true,"href":"https:\/\/www.turkishpost.net\/ar\/wp-json\/wp\/v2\/users\/4"}],"replies":[{"embeddable":true,"href":"https:\/\/www.turkishpost.net\/ar\/wp-json\/wp\/v2\/comments?post=10165"}],"version-history":[{"count":0,"href":"https:\/\/www.turkishpost.net\/ar\/wp-json\/wp\/v2\/posts\/10165\/revisions"}],"wp:featuredmedia":[{"embeddable":true,"href":"https:\/\/www.turkishpost.net\/ar\/wp-json\/wp\/v2\/media\/10166"}],"wp:attachment":[{"href":"https:\/\/www.turkishpost.net\/ar\/wp-json\/wp\/v2\/media?parent=10165"}],"wp:term":[{"taxonomy":"category","embeddable":true,"href":"https:\/\/www.turkishpost.net\/ar\/wp-json\/wp\/v2\/categories?post=10165"},{"taxonomy":"post_tag","embeddable":true,"href":"https:\/\/www.turkishpost.net\/ar\/wp-json\/wp\/v2\/tags?post=10165"}],"curies":[{"name":"wp","href":"https:\/\/api.w.org\/{rel}","templated":true}]}}